{"id":251441,"date":"2026-01-09T07:44:20","date_gmt":"2026-01-09T06:44:20","guid":{"rendered":"https:\/\/www.serbski-institut.de\/sorabistika-po-droze\/"},"modified":"2026-08-24T10:47:12","modified_gmt":"2026-08-24T08:47:12","slug":"sorabistika-po-droze","status":"publish","type":"post","link":"https:\/\/www.serbski-institut.de\/ns\/sorabistika-po-droze\/","title":{"rendered":"\u201eSorabistika p\u00f3 droze\u201c p\u00f3j\u017ao dalej w l\u011b\u015be 2027 \u2013 Serbski institut sw\u011b\u015bi 75 l\u011bt sorabistiskego sl\u011b\u017aenja"},"content":{"rendered":"<p><strong>P\u00f3bitowanje \u201eSorabistika p\u00f3 droze\u201c Serbskego instituta p\u00f3k\u0161acujo w l\u011b\u015be 2027. Towaristwa, muzeje, burske \u015bpy a kulturne kub\u0142ani\u0161\u0107a we Sakskej a Bramborskej maju w\u00f3tn\u011bnta m\u00f3\u017enos\u0107, sebje temy na znowa (a teke hy\u0161\u0107i na drugu po\u0142ojcu l\u011bta 2026) wuzw\u00f3li\u015b.\u00a0Bitujomy Wam p\u015bednoski w\u00f3t wum\u011b\u0142stwa, kultury a r\u011bcnych w\u00f3sebnos\u0107ow we \u0141u\u017eycy ka\u017e teke wje\u017aenja a t\u0161ojenja, \u017ao\u017e m\u00f3\u017eo\u015bo aktiwnje sobu g\u00f3towa\u015b.<\/strong><\/p>\n<p>L\u011btosa (a\u017e do 08\/2026) su sl\u011b\u017aarje a sl\u011b\u017aa\u0155ki Serbskego instituta ako teke koleginy a kolegi ze Serbskeje centralneje biblioteki a Serbskego kulturnego archiwa sw\u00f3je temy ju\u017eo we 38 m\u011bstach a jsach G\u00f3rneje a Dolneje \u0141u\u017eyce p\u015bedstajili.\u00a0Z casnika\u0155skeju konferencu jo Serbski institut na 18. decemberje 2025 we Budy\u0161ynje w\u00f3tw\u00f3ri\u0142 jubilejne l\u011bto &#8220;75 l\u011bt sorabistiskego sl\u011b\u017aenja&#8221;. Su p\u015bedstajili sw\u00f3je plany za jubilej w l\u011b\u015be 2026. Zrownju z tym su w\u00f3zjawili internetowy bok z w\u011bcej ako 40 p\u00f3rucenjami we r\u011b\u017ae &#8220;Sorabistika p\u00f3 droze&#8221;.<\/p>\n<p>Na 1. maju 1951 jo se za\u0142o\u017ey\u0142 Institut za serbski ludospyt. Z njogo jo w l\u011b\u015be 1992 wuros\u0142 Serbski institut. Stakim ma sorabistika ju\u017eo 75 l\u011bt akademisku sl\u011b\u017aa\u0155nju we \u0141u\u017eycy. Ten jubilej jo sobu\u017a\u011b\u0142a\u015berjam instituta dobra g\u00f3\u017aba, aby dali lu\u017aam p\u00f3gl\u011bda\u015b do sw\u00f3jich sl\u011b\u017aenjow k r\u011bcy, historiji a kulturje Serbow. Tomu s\u0142u\u017ey r\u011bd \u201cSorabistika p\u00f3 droze\u201d.<\/p>\n<ul>\n<li><a href=\"https:\/\/www.serbski-institut.de\/ns\/aktualne\/sorabistika-po-droze\/\">p\u015begl\u011bd p\u00f3rucenjow z r\u011bdu &#8220;Sorabistika p\u00f3 droze&#8221;<\/a> (z pomocu formulara m\u00f3\u017eo\u015bo se direktnje nap\u0161a\u0161owa\u015b)<\/li>\n<\/ul>\n","protected":false},"excerpt":{"rendered":"<p>P\u00f3bitowanje \u201eSorabistika p\u00f3 droze\u201c Serbskego instituta p\u00f3k\u0161acujo w l\u011b\u015be 2027. Towaristwa, muzeje, burske \u015bpy a kulturne kub\u0142ani\u0161\u0107a we Sakskej a Bramborskej maju w\u00f3tn\u011bnta m\u00f3\u017enos\u0107, sebje temy na znowa (a teke hy\u0161\u0107i na drugu po\u0142ojcu l\u011bta 2026) wuzw\u00f3li\u015b.\u00a0Bitujomy Wam p\u015bednoski w\u00f3t wum\u011b\u0142stwa, kultury a r\u011bcnych w\u00f3sebnos\u0107ow we \u0141u\u017eycy ka\u017e teke wje\u017aenja a t\u0161ojenja, \u017ao\u017e m\u00f3\u017eo\u015bo aktiwnje [&hellip;]<\/p>\n","protected":false},"author":5,"featured_media":251779,"comment_status":"closed","ping_status":"closed","sticky":false,"template":"","format":"standard","meta":{"_acf_changed":false,"footnotes":""},"categories":[13],"tags":[],"class_list":["post-251441","post","type-post","status-publish","format-standard","has-post-thumbnail","hentry","category-newsmeldung-ns"],"acf":[],"_links":{"self":[{"href":"https:\/\/www.serbski-institut.de\/ns\/wp-json\/wp\/v2\/posts\/251441","targetHints":{"allow":["GET"]}}],"collection":[{"href":"https:\/\/www.serbski-institut.de\/ns\/wp-json\/wp\/v2\/posts"}],"about":[{"href":"https:\/\/www.serbski-institut.de\/ns\/wp-json\/wp\/v2\/types\/post"}],"author":[{"embeddable":true,"href":"https:\/\/www.serbski-institut.de\/ns\/wp-json\/wp\/v2\/users\/5"}],"replies":[{"embeddable":true,"href":"https:\/\/www.serbski-institut.de\/ns\/wp-json\/wp\/v2\/comments?post=251441"}],"version-history":[{"count":3,"href":"https:\/\/www.serbski-institut.de\/ns\/wp-json\/wp\/v2\/posts\/251441\/revisions"}],"predecessor-version":[{"id":253333,"href":"https:\/\/www.serbski-institut.de\/ns\/wp-json\/wp\/v2\/posts\/251441\/revisions\/253333"}],"wp:featuredmedia":[{"embeddable":true,"href":"https:\/\/www.serbski-institut.de\/ns\/wp-json\/wp\/v2\/media\/251779"}],"wp:attachment":[{"href":"https:\/\/www.serbski-institut.de\/ns\/wp-json\/wp\/v2\/media?parent=251441"}],"wp:term":[{"taxonomy":"category","embeddable":true,"href":"https:\/\/www.serbski-institut.de\/ns\/wp-json\/wp\/v2\/categories?post=251441"},{"taxonomy":"post_tag","embeddable":true,"href":"https:\/\/www.serbski-institut.de\/ns\/wp-json\/wp\/v2\/tags?post=251441"}],"curies":[{"name":"wp","href":"https:\/\/api.w.org\/{rel}","templated":true}]}}