{"id":252395,"date":"2026-04-07T11:25:46","date_gmt":"2026-04-07T09:25:46","guid":{"rendered":"https:\/\/www.serbski-institut.de\/serbska-rec-w-medijach\/"},"modified":"2026-04-22T09:19:02","modified_gmt":"2026-04-22T07:19:02","slug":"serbska-rec-w-medijach","status":"publish","type":"post","link":"https:\/\/www.serbski-institut.de\/ns\/serbska-rec-w-medijach\/","title":{"rendered":"21. maj: \u0179\u011b\u0142a\u0155nicka &#8220;Serbska r\u011bc w medijach&#8221;"},"content":{"rendered":"<p>Kak m\u00f3gu by\u015b serbska r\u011bc a serbske temy w\u011bcej widobne a s\u0142y\u0161abne w regionalnych medijach?<\/p>\n<ul>\n<li>dalej cyta\u015b: <a href=\"https:\/\/sroka-plan.org\/\" target=\"_blank\" rel=\"noopener\">sroka-plan.org<\/a><\/li>\n<\/ul>\n<p><em>Zar\u011bdowanje w r\u011b\u017ae \u201eRegMje p\u015bep\u0161osyjo\u201c <a href=\"https:\/\/www.serbski-institut.de\/forschung\/regionalentwicklung-und-minderheitenschutz\/\">w\u00f3t\u017a\u011blenja za regionalne wuwi\u015be a mje\u0144\u0161ynowy \u0161\u0107it<\/a> Serbskego instituta. Projekt sp\u011bchujo Za\u0142o\u017eba za serbski lud ze sr\u011bdkow Zw\u011bzkowego minista\u0155stwa za nut\u015bikowne na zak\u0142a\u017ae wobzamknjenja Nimskego Zw\u011bzkowego sejma.<\/em><\/p>\n","protected":false},"excerpt":{"rendered":"<p>Kak m\u00f3gu by\u015b serbska r\u011bc a serbske temy w\u011bcej widobne a s\u0142y\u0161abne w regionalnych medijach? dalej cyta\u015b: sroka-plan.org Zar\u011bdowanje w r\u011b\u017ae \u201eRegMje p\u015bep\u0161osyjo\u201c w\u00f3t\u017a\u011blenja za regionalne wuwi\u015be a mje\u0144\u0161ynowy \u0161\u0107it Serbskego instituta. Projekt sp\u011bchujo Za\u0142o\u017eba za serbski lud ze sr\u011bdkow Zw\u011bzkowego minista\u0155stwa za nut\u015bikowne na zak\u0142a\u017ae wobzamknjenja Nimskego Zw\u011bzkowego sejma.<\/p>\n","protected":false},"author":35,"featured_media":247873,"comment_status":"closed","ping_status":"closed","sticky":false,"template":"","format":"standard","meta":{"_acf_changed":false,"footnotes":""},"categories":[42],"tags":[],"class_list":["post-252395","post","type-post","status-publish","format-standard","has-post-thumbnail","hentry","category-veranstaltung-ns"],"acf":[],"_links":{"self":[{"href":"https:\/\/www.serbski-institut.de\/ns\/wp-json\/wp\/v2\/posts\/252395","targetHints":{"allow":["GET"]}}],"collection":[{"href":"https:\/\/www.serbski-institut.de\/ns\/wp-json\/wp\/v2\/posts"}],"about":[{"href":"https:\/\/www.serbski-institut.de\/ns\/wp-json\/wp\/v2\/types\/post"}],"author":[{"embeddable":true,"href":"https:\/\/www.serbski-institut.de\/ns\/wp-json\/wp\/v2\/users\/35"}],"replies":[{"embeddable":true,"href":"https:\/\/www.serbski-institut.de\/ns\/wp-json\/wp\/v2\/comments?post=252395"}],"version-history":[{"count":2,"href":"https:\/\/www.serbski-institut.de\/ns\/wp-json\/wp\/v2\/posts\/252395\/revisions"}],"predecessor-version":[{"id":252450,"href":"https:\/\/www.serbski-institut.de\/ns\/wp-json\/wp\/v2\/posts\/252395\/revisions\/252450"}],"wp:featuredmedia":[{"embeddable":true,"href":"https:\/\/www.serbski-institut.de\/ns\/wp-json\/wp\/v2\/media\/247873"}],"wp:attachment":[{"href":"https:\/\/www.serbski-institut.de\/ns\/wp-json\/wp\/v2\/media?parent=252395"}],"wp:term":[{"taxonomy":"category","embeddable":true,"href":"https:\/\/www.serbski-institut.de\/ns\/wp-json\/wp\/v2\/categories?post=252395"},{"taxonomy":"post_tag","embeddable":true,"href":"https:\/\/www.serbski-institut.de\/ns\/wp-json\/wp\/v2\/tags?post=252395"}],"curies":[{"name":"wp","href":"https:\/\/api.w.org\/{rel}","templated":true}]}}