{"id":6180,"date":"2022-02-03T10:41:56","date_gmt":"2022-02-03T09:41:56","guid":{"rendered":"https:\/\/beta.serbski-institut.de\/wedu-syris-statkowanje-macice-serbskeje-w-20-21-stolesu\/"},"modified":"2022-10-04T13:16:10","modified_gmt":"2022-10-04T11:16:10","slug":"wedu-syris-statkowanje-macice-serbskeje-w-20-21-stolesu","status":"publish","type":"post","link":"https:\/\/www.serbski-institut.de\/ns\/wedu-syris-statkowanje-macice-serbskeje-w-20-21-stolesu\/","title":{"rendered":"W\u011bdu syri\u0161 \u2013 Statkowanje Ma\u0107ice Serbskeje w 20.\/21. stol\u011b\u015bu"},"content":{"rendered":"<p>P\u015bi g\u00f3\u017abje 175. wro\u015benice za\u0142o\u017eenja serbskego w\u011bdomnostnego towaristwa Ma\u0107ice Serbskeje p\u015bewje\u017ao towaristwo groma\u017ae ze Serbskim institutm interdiscplinarnu w\u011bdomostnu konferencu, na k\u00f3tarej\u017e stoj stoj \u017a\u011b\u0142abnos\u0107 Ma\u0107ice Serbskeje \/ Ma\u015bice Serbskeje w p\u00f3znem 20. a ranem 21. stol\u011b\u015bu z w\u00f3tpow\u011bdujucymi historiskimi kontekstualiz\u011browanjami w fokusu.<\/p>\n<p>kontakt a p\u015bizjawjenje: <a href=\"&#109;&#x61;&#x69;&#108;&#x74;&#x6f;:&#x69;&#x6e;f&#111;&#x40;m&#97;&#x63;i&#99;&#x61;-&#115;&#x65;r&#98;&#x73;&#x6b;&#97;&#x2e;&#x64;&#101;\">&#x69;&#x6e;&#102;&#111;&#64;m&#x61;&#x63;&#x69;&#99;&#97;-s&#x65;&#x72;&#x62;&#115;&#107;a&#x2e;&#x64;&#x65;<\/a><\/p>\n<p>call for papers ako pdf-ka &#8211; termin w\u00f3teda\u015ba: 31.1.2022<\/p>\n","protected":false},"excerpt":{"rendered":"<p>P\u015bi g\u00f3\u017abje 175. wro\u015benice za\u0142o\u017eenja serbskego w\u011bdomnostnego towaristwa Ma\u0107ice Serbskeje p\u015bewje\u017ao towaristwo groma\u017ae ze Serbskim institutm interdiscplinarnu w\u011bdomostnu konferencu, na k\u00f3tarej\u017e stoj stoj \u017a\u011b\u0142abnos\u0107 Ma\u0107ice Serbskeje \/ Ma\u015bice Serbskeje w p\u00f3znem 20. a ranem 21. stol\u011b\u015bu z w\u00f3tpow\u011bdujucymi historiskimi kontekstualiz\u011browanjami w fokusu. kontakt a p\u015bizjawjenje: info&#64;macica-&#115;&#101;&#114;&#98;&#115;&#107;&#97;&#46;&#100;&#101; call for papers ako pdf-ka &#8211; termin w\u00f3teda\u015ba: 31.1.2022<\/p>\n","protected":false},"author":32,"featured_media":10074,"comment_status":"closed","ping_status":"closed","sticky":false,"template":"","format":"standard","meta":{"_acf_changed":false,"footnotes":""},"categories":[42],"tags":[],"class_list":["post-6180","post","type-post","status-publish","format-standard","has-post-thumbnail","hentry","category-veranstaltung-ns"],"acf":[],"_links":{"self":[{"href":"https:\/\/www.serbski-institut.de\/ns\/wp-json\/wp\/v2\/posts\/6180","targetHints":{"allow":["GET"]}}],"collection":[{"href":"https:\/\/www.serbski-institut.de\/ns\/wp-json\/wp\/v2\/posts"}],"about":[{"href":"https:\/\/www.serbski-institut.de\/ns\/wp-json\/wp\/v2\/types\/post"}],"author":[{"embeddable":true,"href":"https:\/\/www.serbski-institut.de\/ns\/wp-json\/wp\/v2\/users\/32"}],"replies":[{"embeddable":true,"href":"https:\/\/www.serbski-institut.de\/ns\/wp-json\/wp\/v2\/comments?post=6180"}],"version-history":[{"count":1,"href":"https:\/\/www.serbski-institut.de\/ns\/wp-json\/wp\/v2\/posts\/6180\/revisions"}],"predecessor-version":[{"id":9788,"href":"https:\/\/www.serbski-institut.de\/ns\/wp-json\/wp\/v2\/posts\/6180\/revisions\/9788"}],"wp:featuredmedia":[{"embeddable":true,"href":"https:\/\/www.serbski-institut.de\/ns\/wp-json\/wp\/v2\/media\/10074"}],"wp:attachment":[{"href":"https:\/\/www.serbski-institut.de\/ns\/wp-json\/wp\/v2\/media?parent=6180"}],"wp:term":[{"taxonomy":"category","embeddable":true,"href":"https:\/\/www.serbski-institut.de\/ns\/wp-json\/wp\/v2\/categories?post=6180"},{"taxonomy":"post_tag","embeddable":true,"href":"https:\/\/www.serbski-institut.de\/ns\/wp-json\/wp\/v2\/tags?post=6180"}],"curies":[{"name":"wp","href":"https:\/\/api.w.org\/{rel}","templated":true}]}}