{"id":10649,"date":"2022-12-21T16:20:49","date_gmt":"2022-12-21T15:20:49","guid":{"rendered":"https:\/\/www.serbski-institut.de\/?p=10649"},"modified":"2023-04-06T10:59:51","modified_gmt":"2023-04-06T08:59:51","slug":"wokolnik-2-2022-wusol","status":"publish","type":"post","link":"https:\/\/www.serbski-institut.de\/os\/wokolnik-2-2022-wusol\/","title":{"rendered":"Wokolnik 2\/2022 wu\u0161o\u0142"},"content":{"rendered":"<p>D\u017aensa (21.12.) wozjewi Serbski institut sw\u00f3j <a href=\"https:\/\/www.serbski-institut.de\/?mailpoet_router&amp;endpoint=view_in_browser&amp;action=view&amp;data=WzMwLCI3M2UxZTlkN2JlMDUiLDAsMCwwLDFd\">nowy Wokolnik<\/a> 2\/2022, znowa z nowinkami ze sw\u011bta sorabistiki, terminami, publikacijemi, rozprawami wo institutnych zarjadowanjach atd.<\/p>\n<p>K <a href=\"https:\/\/www.serbski-institut.de\/os\/newsletter\/\">p\u0159izjewjenju Wokolnika<\/a> a k archiwej star\u0161ich wuda\u0107ow.<\/p>\n","protected":false},"excerpt":{"rendered":"<p>D\u017aensa (21.12.) wozjewi Serbski institut sw\u00f3j nowy Wokolnik 2\/2022, znowa z nowinkami ze sw\u011bta sorabistiki, terminami, publikacijemi, rozprawami wo institutnych zarjadowanjach atd. K p\u0159izjewjenju Wokolnika a k archiwej star\u0161ich wuda\u0107ow.<\/p>\n","protected":false},"author":5,"featured_media":10653,"comment_status":"closed","ping_status":"closed","sticky":false,"template":"","format":"standard","meta":{"_acf_changed":false,"footnotes":""},"categories":[14],"tags":[353],"class_list":["post-10649","post","type-post","status-publish","format-standard","has-post-thumbnail","hentry","category-newsmeldung-os","tag-newsletter-os"],"acf":[],"_links":{"self":[{"href":"https:\/\/www.serbski-institut.de\/os\/wp-json\/wp\/v2\/posts\/10649","targetHints":{"allow":["GET"]}}],"collection":[{"href":"https:\/\/www.serbski-institut.de\/os\/wp-json\/wp\/v2\/posts"}],"about":[{"href":"https:\/\/www.serbski-institut.de\/os\/wp-json\/wp\/v2\/types\/post"}],"author":[{"embeddable":true,"href":"https:\/\/www.serbski-institut.de\/os\/wp-json\/wp\/v2\/users\/5"}],"replies":[{"embeddable":true,"href":"https:\/\/www.serbski-institut.de\/os\/wp-json\/wp\/v2\/comments?post=10649"}],"version-history":[{"count":1,"href":"https:\/\/www.serbski-institut.de\/os\/wp-json\/wp\/v2\/posts\/10649\/revisions"}],"predecessor-version":[{"id":10657,"href":"https:\/\/www.serbski-institut.de\/os\/wp-json\/wp\/v2\/posts\/10649\/revisions\/10657"}],"wp:featuredmedia":[{"embeddable":true,"href":"https:\/\/www.serbski-institut.de\/os\/wp-json\/wp\/v2\/media\/10653"}],"wp:attachment":[{"href":"https:\/\/www.serbski-institut.de\/os\/wp-json\/wp\/v2\/media?parent=10649"}],"wp:term":[{"taxonomy":"category","embeddable":true,"href":"https:\/\/www.serbski-institut.de\/os\/wp-json\/wp\/v2\/categories?post=10649"},{"taxonomy":"post_tag","embeddable":true,"href":"https:\/\/www.serbski-institut.de\/os\/wp-json\/wp\/v2\/tags?post=10649"}],"curies":[{"name":"wp","href":"https:\/\/api.w.org\/{rel}","templated":true}]}}