{"id":114717,"date":"2024-12-19T15:32:15","date_gmt":"2024-12-19T14:32:15","guid":{"rendered":"https:\/\/www.serbski-institut.de\/wotewrjenske-casy-citarnje-w-hodownych-prozdninach\/"},"modified":"2024-12-19T15:32:15","modified_gmt":"2024-12-19T14:32:15","slug":"wotewrjenske-casy-citarnje-w-hodownych-prozdninach","status":"publish","type":"post","link":"https:\/\/www.serbski-institut.de\/os\/wotewrjenske-casy-citarnje-w-hodownych-prozdninach\/","title":{"rendered":"Wotewrjenske \u010dasy \u010ditarnje w hodownych pr\u00f3zdninach"},"content":{"rendered":"<p>Serbska centralna biblioteka z \u010ditarnju a Serbski kulturny archiw wostanjetej <strong>wot 23. decembra 2024 ha\u010d do 5. januara 2025 zawrjenej<\/strong>. Wot 6. januara mamy zaso we zwu\u010denych \u010dasach wotewrjene:<\/p>\n<ul>\n<li>wot p\u00f3nd\u017aele do srjedy: 9.00 \u2013 16.00 hod\u017a.<\/li>\n<li>\u0161tw\u00f3rtk: 9.00 \u2013 18.00 hod\u017a.<\/li>\n<li>pjatk: zawrjene<\/li>\n<\/ul>\n<p>We <a href=\"https:\/\/www.serbski-institut.de\/bibliothek\/virtueller-lesesaal\/\">wirtuelnej \u010ditarni<\/a> namaka\u0107e w\u0161itke poskitki archiwa a biblioteki na jednym m\u011bstnje zhromad\u017aene.<\/p>\n<p><em><strong><span style=\"color: #333399\">P\u0159ejemy na\u0161im \u010ditarkam a \u010ditarjam \u017eohnowane hody a strowe nowe l\u011bto!<\/span><\/strong><\/em><\/p>\n","protected":false},"excerpt":{"rendered":"<p>Serbska centralna biblioteka z \u010ditarnju a Serbski kulturny archiw wostanjetej wot 23. decembra 2024 ha\u010d do 5. januara 2025 zawrjenej. Wot 6. januara mamy zaso we zwu\u010denych \u010dasach wotewrjene: wot p\u00f3nd\u017aele do srjedy: 9.00 \u2013 16.00 hod\u017a. \u0161tw\u00f3rtk: 9.00 \u2013 18.00 hod\u017a. pjatk: zawrjene We wirtuelnej \u010ditarni namaka\u0107e w\u0161itke poskitki archiwa a biblioteki na jednym [&hellip;]<\/p>\n","protected":false},"author":5,"featured_media":114688,"comment_status":"closed","ping_status":"closed","sticky":false,"template":"","format":"standard","meta":{"_acf_changed":false,"footnotes":""},"categories":[14],"tags":[],"class_list":["post-114717","post","type-post","status-publish","format-standard","has-post-thumbnail","hentry","category-newsmeldung-os"],"acf":[],"_links":{"self":[{"href":"https:\/\/www.serbski-institut.de\/os\/wp-json\/wp\/v2\/posts\/114717","targetHints":{"allow":["GET"]}}],"collection":[{"href":"https:\/\/www.serbski-institut.de\/os\/wp-json\/wp\/v2\/posts"}],"about":[{"href":"https:\/\/www.serbski-institut.de\/os\/wp-json\/wp\/v2\/types\/post"}],"author":[{"embeddable":true,"href":"https:\/\/www.serbski-institut.de\/os\/wp-json\/wp\/v2\/users\/5"}],"replies":[{"embeddable":true,"href":"https:\/\/www.serbski-institut.de\/os\/wp-json\/wp\/v2\/comments?post=114717"}],"version-history":[{"count":0,"href":"https:\/\/www.serbski-institut.de\/os\/wp-json\/wp\/v2\/posts\/114717\/revisions"}],"wp:featuredmedia":[{"embeddable":true,"href":"https:\/\/www.serbski-institut.de\/os\/wp-json\/wp\/v2\/media\/114688"}],"wp:attachment":[{"href":"https:\/\/www.serbski-institut.de\/os\/wp-json\/wp\/v2\/media?parent=114717"}],"wp:term":[{"taxonomy":"category","embeddable":true,"href":"https:\/\/www.serbski-institut.de\/os\/wp-json\/wp\/v2\/categories?post=114717"},{"taxonomy":"post_tag","embeddable":true,"href":"https:\/\/www.serbski-institut.de\/os\/wp-json\/wp\/v2\/tags?post=114717"}],"curies":[{"name":"wp","href":"https:\/\/api.w.org\/{rel}","templated":true}]}}