{"id":12216,"date":"2023-07-19T10:38:41","date_gmt":"2023-07-19T08:38:41","guid":{"rendered":"https:\/\/www.serbski-institut.de\/bratrowska-zhromadnosc-jako-uniwersalny-ziwjenski-model-serbske-temy-na-konferency-wo-ochranowskej-bratrowskej-jednoce-we-18-a-19-letstotku\/"},"modified":"2023-07-20T11:54:38","modified_gmt":"2023-07-20T09:54:38","slug":"bratrowska-zhromadnosc-jako-uniwersalny-ziwjenski-model-serbske-temy-na-konferency-wo-ochranowskej-bratrowskej-jednoce-we-18-a-19-letstotku","status":"publish","type":"post","link":"https:\/\/www.serbski-institut.de\/os\/bratrowska-zhromadnosc-jako-uniwersalny-ziwjenski-model-serbske-temy-na-konferency-wo-ochranowskej-bratrowskej-jednoce-we-18-a-19-letstotku\/","title":{"rendered":"Bratrowska zhromadnos\u0107 jako uniwersalny \u017eiwjenski model \u2013 serbske temy na konferency wo Ochranowskej bratrowskej jedno\u0107e we 18. a 19. l\u011btstotku"},"content":{"rendered":"<p><strong>Serbske temy budu na interdisciplinarnym zj\u011bzd\u017ae &#8220;Bratrowska zhromadnos\u0107 jako uniwersalny \u017eiwjenski model? Ochranowska bratrowska jednota we 18. a 19. l\u011btstotku mjez uniformitu a pluralitu&#8221;, dnja 27.\/28. julija w Hamburgu, zastupjene. <\/strong><\/p>\n<p>Historikarka dr. <a href=\"https:\/\/www.serbski-institut.de\/mitarbeiter\/dr-lubina-mahling\/\">Lubina Malinkowa<\/a> p\u0159edno\u0161uje k temje &#8220;Narodne wa\u0161nje a bratrowska zhromadnos\u0107. Wobked\u017abowanja k Ochranowskej a narodnej tw\u00f3rbje identity z perspektiwy serbskeje diaspory&#8221;. P\u0159i tym diskutuje mjez druhim wu\u017eadanja w\u0161elakorych p\u0159is\u0142u\u0161nos\u0107ow. Te\u017e Kerstin Roth a Marleen Schindler wot Techniskeje uniwersity w Drje\u017ed\u017aanach zab\u011bratej so w swojim p\u0159edno\u0161ku &#8220;Sp\u011bwy jako mostar \u2013 ke konstrukciji identity z podp\u011bru Ochranowskich sp\u011bwow w diasporowym d\u017a\u011ble&#8221; ze skutkowanjom Ochranowa w serbskej \u0141u\u017eicy. Dale p\u0159epytujetej r\u011b\u010dne fenomeny w sp\u011bwach bratrowskeje jednoty.<\/p>\n<p>Zarjadowar konferency, kotra\u017e wotm\u011bje so 27.\/28. julija, je Institut za historisku hud\u017abnu w\u011bdomos\u0107 Hamburgskeje uniwersity. Wobd\u017a\u011blnikow wo\u010dakuje \u0161\u011broki temowy spektrum woko\u0142o identitnych konstrukcijow w Ochranowskim konteks\u0107e. Wosebitej wjer\u0161kaj bud\u017aetej p\u0159edno\u0161kaj wot Wolfganga Breula (Mainz) a Petera Vogta (Ochranow). Zj\u011bzd chce nowe impulsy za sl\u011bd\u017aenje wo Ochranowje sad\u017ai\u0107 a interdisciplinarne kooperacije sp\u011bchowa\u0107.<\/p>\n<ul>\n<li><a href=\"https:\/\/www.kulturwissenschaften.uni-hamburg.de\/hm\/uber-das-institut\/aktuelles\/2023-06-30-tagung-herrnhuter-bruedergemeine-juli-2023\/programm-tagung-herrnhuter-bruedergemeine-juli-2023.pdf\" target=\"_blank\" rel=\"noopener\">wotb\u011bh konferency (jako pdf)<\/a><\/li>\n<li><a href=\"https:\/\/www.kulturwissenschaften.uni-hamburg.de\/hm\/uber-das-institut\/aktuelles\/2023-06-30-tagung-herrnhuter-bruedergemeine-juli-2023.html\" target=\"_blank\" rel=\"noopener\">wotkaz k zarjadowanju<\/a><\/li>\n<\/ul>\n","protected":false},"excerpt":{"rendered":"<p>Serbske temy budu na interdisciplinarnym zj\u011bzd\u017ae &#8220;Bratrowska zhromadnos\u0107 jako uniwersalny \u017eiwjenski model? Ochranowska bratrowska jednota we 18. a 19. l\u011btstotku mjez uniformitu a pluralitu&#8221;, dnja 27.\/28. julija w Hamburgu, zastupjene. Historikarka dr. Lubina Malinkowa p\u0159edno\u0161uje k temje &#8220;Narodne wa\u0161nje a bratrowska zhromadnos\u0107. Wobked\u017abowanja k Ochranowskej a narodnej tw\u00f3rbje identity z perspektiwy serbskeje diaspory&#8221;. P\u0159i tym [&hellip;]<\/p>\n","protected":false},"author":5,"featured_media":12260,"comment_status":"closed","ping_status":"closed","sticky":false,"template":"","format":"standard","meta":{"_acf_changed":false,"footnotes":""},"categories":[14],"tags":[],"class_list":["post-12216","post","type-post","status-publish","format-standard","has-post-thumbnail","hentry","category-newsmeldung-os"],"acf":[],"_links":{"self":[{"href":"https:\/\/www.serbski-institut.de\/os\/wp-json\/wp\/v2\/posts\/12216","targetHints":{"allow":["GET"]}}],"collection":[{"href":"https:\/\/www.serbski-institut.de\/os\/wp-json\/wp\/v2\/posts"}],"about":[{"href":"https:\/\/www.serbski-institut.de\/os\/wp-json\/wp\/v2\/types\/post"}],"author":[{"embeddable":true,"href":"https:\/\/www.serbski-institut.de\/os\/wp-json\/wp\/v2\/users\/5"}],"replies":[{"embeddable":true,"href":"https:\/\/www.serbski-institut.de\/os\/wp-json\/wp\/v2\/comments?post=12216"}],"version-history":[{"count":2,"href":"https:\/\/www.serbski-institut.de\/os\/wp-json\/wp\/v2\/posts\/12216\/revisions"}],"predecessor-version":[{"id":12228,"href":"https:\/\/www.serbski-institut.de\/os\/wp-json\/wp\/v2\/posts\/12216\/revisions\/12228"}],"wp:featuredmedia":[{"embeddable":true,"href":"https:\/\/www.serbski-institut.de\/os\/wp-json\/wp\/v2\/media\/12260"}],"wp:attachment":[{"href":"https:\/\/www.serbski-institut.de\/os\/wp-json\/wp\/v2\/media?parent=12216"}],"wp:term":[{"taxonomy":"category","embeddable":true,"href":"https:\/\/www.serbski-institut.de\/os\/wp-json\/wp\/v2\/categories?post=12216"},{"taxonomy":"post_tag","embeddable":true,"href":"https:\/\/www.serbski-institut.de\/os\/wp-json\/wp\/v2\/tags?post=12216"}],"curies":[{"name":"wp","href":"https:\/\/api.w.org\/{rel}","templated":true}]}}