{"id":13594,"date":"2023-12-13T22:22:21","date_gmt":"2023-12-13T21:22:21","guid":{"rendered":"https:\/\/www.serbski-institut.de\/knizna-premjera-dnja-18-januara-komplexitaet-und-soziolinguistische-typologie-in-den-flexionssystemen-des-sorbischen\/"},"modified":"2023-12-13T22:22:21","modified_gmt":"2023-12-13T21:22:21","slug":"knizna-premjera-dnja-18-januara-komplexitaet-und-soziolinguistische-typologie-in-den-flexionssystemen-des-sorbischen","status":"publish","type":"post","link":"https:\/\/www.serbski-institut.de\/os\/knizna-premjera-dnja-18-januara-komplexitaet-und-soziolinguistische-typologie-in-den-flexionssystemen-des-sorbischen\/","title":{"rendered":"Kni\u017ena premjera, dnja 18. januara: Komplexit\u00e4t und soziolinguistische Typologie in den Flexionssystemen des Sorbischen"},"content":{"rendered":"<p>\u010cehodla stej delnjo- a hornjoserbska gramatika wosebje (kompleksnej)? Mjez druhim p\u0159edstaji so historiske wuwi\u0107e zhromadnos\u0107ow a rozd\u017a\u011blow dweju morfologiskeju systemow &#8211; hladajo na w\u0161elake serbske dialekty a spisownej r\u011b\u010di.<\/p>\n<p>Kni\u017ena premjera z awtorom <a href=\"https:\/\/www.serbski-institut.de\/mitarbeiter\/prof-dr-thomas-menzel\/\">Thomasom Menzelom<\/a><\/p>\n<p>R\u011b\u010despytna publikacija z titulom &#8220;<a href=\"https:\/\/www.serbski-institut.de\/publikation\/schriften-des-sorbischen-instituts-band-71\/\">Komplexit\u00e4t und soziolinguistische Typologie in den Flexionssystemen des Sorbischen<\/a>&#8221; je wu\u0161\u0142a jako SPISY 71 w LND.<\/p>\n<p><em>Zhromadne zarjadowanje Ludoweho nak\u0142adnistwa Domowina, Ma\u0107icy Serbskeje a Serbskeho instituta<\/em><\/p>\n","protected":false},"excerpt":{"rendered":"<p>\u010cehodla stej delnjo- a hornjoserbska gramatika wosebje (kompleksnej)? Mjez druhim p\u0159edstaji so historiske wuwi\u0107e zhromadnos\u0107ow a rozd\u017a\u011blow dweju morfologiskeju systemow &#8211; hladajo na w\u0161elake serbske dialekty a spisownej r\u011b\u010di. Kni\u017ena premjera z awtorom Thomasom Menzelom R\u011b\u010despytna publikacija z titulom &#8220;Komplexit\u00e4t und soziolinguistische Typologie in den Flexionssystemen des Sorbischen&#8221; je wu\u0161\u0142a jako SPISY 71 w LND. [&hellip;]<\/p>\n","protected":false},"author":5,"featured_media":12910,"comment_status":"closed","ping_status":"closed","sticky":false,"template":"","format":"standard","meta":{"_acf_changed":false,"footnotes":""},"categories":[43],"tags":[],"class_list":["post-13594","post","type-post","status-publish","format-standard","has-post-thumbnail","hentry","category-veranstaltung-os"],"acf":[],"_links":{"self":[{"href":"https:\/\/www.serbski-institut.de\/os\/wp-json\/wp\/v2\/posts\/13594","targetHints":{"allow":["GET"]}}],"collection":[{"href":"https:\/\/www.serbski-institut.de\/os\/wp-json\/wp\/v2\/posts"}],"about":[{"href":"https:\/\/www.serbski-institut.de\/os\/wp-json\/wp\/v2\/types\/post"}],"author":[{"embeddable":true,"href":"https:\/\/www.serbski-institut.de\/os\/wp-json\/wp\/v2\/users\/5"}],"replies":[{"embeddable":true,"href":"https:\/\/www.serbski-institut.de\/os\/wp-json\/wp\/v2\/comments?post=13594"}],"version-history":[{"count":0,"href":"https:\/\/www.serbski-institut.de\/os\/wp-json\/wp\/v2\/posts\/13594\/revisions"}],"wp:featuredmedia":[{"embeddable":true,"href":"https:\/\/www.serbski-institut.de\/os\/wp-json\/wp\/v2\/media\/12910"}],"wp:attachment":[{"href":"https:\/\/www.serbski-institut.de\/os\/wp-json\/wp\/v2\/media?parent=13594"}],"wp:term":[{"taxonomy":"category","embeddable":true,"href":"https:\/\/www.serbski-institut.de\/os\/wp-json\/wp\/v2\/categories?post=13594"},{"taxonomy":"post_tag","embeddable":true,"href":"https:\/\/www.serbski-institut.de\/os\/wp-json\/wp\/v2\/tags?post=13594"}],"curies":[{"name":"wp","href":"https:\/\/api.w.org\/{rel}","templated":true}]}}