{"id":13701,"date":"2023-12-15T11:39:52","date_gmt":"2023-12-15T10:39:52","guid":{"rendered":"https:\/\/www.serbski-institut.de\/folklorne-centry-w-ndr-kulturne-herbstwo\/"},"modified":"2023-12-15T11:39:52","modified_gmt":"2023-12-15T10:39:52","slug":"folklorne-centry-w-ndr-kulturne-herbstwo","status":"publish","type":"post","link":"https:\/\/www.serbski-institut.de\/os\/folklorne-centry-w-ndr-kulturne-herbstwo\/","title":{"rendered":"Folklorne centry w NDR \u2013 kulturne herbstwo!?"},"content":{"rendered":"<p>K\u00f3nc 1970tych l\u011bt za\u0142o\u017eichu so po cy\u0142ej NDR tak mjenowane folklorne centry, kotrych\u017e nadawk b\u011b dokumentacija, hajenje a dalewuwiwanje kulturneho herbstwa regionow. W l\u011b\u0107e 1977 za\u0142o\u017ei so Serbski folklorny centrum p\u0159i Domje za serbske ludowe wum\u011b\u0142stwo na P\u00f3stowym nam\u011bs\u0107e w Budy\u0161inje.<\/p>\n<p>Dnja 21. nowembra 2023 buchu na zahajenskej d\u017a\u011b\u0142arni\u010dce, organizowanej wot Serbskeho instituta w Budy\u0161inje w kooperaciji ze <a href=\"https:\/\/www.alltagskulturost.de\/\" target=\"_blank\" rel=\"noopener\">Sy\u0107u za w\u0161\u011bdnu kulturu we wuchod\u017ae<\/a>, ramikowe wum\u011bnjenja a koncepcije n\u011bhdy\u0161ich centrow ka\u017e te\u017e d\u017aensni\u0161i wobstatk zb\u011brkow w archiwach a bibliotekach. Wobd\u017a\u011bleni b\u011bchu nimo sobud\u017a\u011b\u0142a\u0107erjow Serbskeho instituta koleginy a kolegojo z Instituta za stawizny a ludow\u011bdu (Drje\u017ed\u017aany), Zwjazka domizna a wobsw\u011bt w N\u011bmskej (Bonn), z Wossidlo-sl\u011bd\u017aeni\u0161\u0107a za Europsku etnologiju\/ludow\u011bdu na Uniwersi\u0107e w Rostocku, z Hennebergskeho muzeja kl\u00f3\u0161ter Ve\u00dfra, z Ludow\u011bdneho porad\u017aowanskeho a dokumentaciskeho b\u011browa p\u0159i Durinskim muzeju pod ho\u0142ym njebjom Hohenfelden, porad\u017aowarnja za w\u0161\u011bdne kultury a hladanje domizny pola Krajneho zwjazka domizny Saksko-Anhaltskeje z. t. (Hala nad Solawu) ka\u017e te\u017e ze Sakskeho krajneho zarjada za muzejownistwo (Kamjenica). Po zw\u011bs\u0107enju aktualneho wobstatka je so wo zhromadnych sl\u011bd\u017aerskich pra\u0161enjach a perspektiwach diskutowa\u0142o ka\u017e te\u017e wo planowanju p\u0159ichodneje d\u017a\u011b\u0142arni\u010dki w l\u011b\u0107u 2024 w Hohenfeld\u017ae wum\u011bni\u0142o. &#8211;\u00a0 <em>Zarjadowanje bu sp\u011bchowane wot Swobodneho stata Sakskeje we wob\u0142uku projekta <a href=\"https:\/\/www.serbski-institut.de\/projekte-kulturwissenschaften\/sorbenpolitik-in-der-ddr\/\">Serbska politika w NDR. Struktury, akterojo a zajimy 1968 \u2013 1989<\/a>.<\/em><\/p>\n<p>Awtorce: dr.<a href=\"https:\/\/www.serbski-institut.de\/mitarbeiter\/dr-theresa-jacobs\/\"> Theresa Jacobsowa<\/a>, dr. <a href=\"https:\/\/www.serbski-institut.de\/mitarbeiter\/dr-ines-keller\/\">Ines Kellerowa<\/a><\/p>\n","protected":false},"excerpt":{"rendered":"<p>K\u00f3nc 1970tych l\u011bt za\u0142o\u017eichu so po cy\u0142ej NDR tak mjenowane folklorne centry, kotrych\u017e nadawk b\u011b dokumentacija, hajenje a dalewuwiwanje kulturneho herbstwa regionow. W l\u011b\u0107e 1977 za\u0142o\u017ei so Serbski folklorny centrum p\u0159i Domje za serbske ludowe wum\u011b\u0142stwo na P\u00f3stowym nam\u011bs\u0107e w Budy\u0161inje. Dnja 21. nowembra 2023 buchu na zahajenskej d\u017a\u011b\u0142arni\u010dce, organizowanej wot Serbskeho instituta w Budy\u0161inje [&hellip;]<\/p>\n","protected":false},"author":5,"featured_media":13686,"comment_status":"closed","ping_status":"closed","sticky":false,"template":"","format":"standard","meta":{"_acf_changed":false,"footnotes":""},"categories":[14],"tags":[],"class_list":["post-13701","post","type-post","status-publish","format-standard","has-post-thumbnail","hentry","category-newsmeldung-os"],"acf":[],"_links":{"self":[{"href":"https:\/\/www.serbski-institut.de\/os\/wp-json\/wp\/v2\/posts\/13701","targetHints":{"allow":["GET"]}}],"collection":[{"href":"https:\/\/www.serbski-institut.de\/os\/wp-json\/wp\/v2\/posts"}],"about":[{"href":"https:\/\/www.serbski-institut.de\/os\/wp-json\/wp\/v2\/types\/post"}],"author":[{"embeddable":true,"href":"https:\/\/www.serbski-institut.de\/os\/wp-json\/wp\/v2\/users\/5"}],"replies":[{"embeddable":true,"href":"https:\/\/www.serbski-institut.de\/os\/wp-json\/wp\/v2\/comments?post=13701"}],"version-history":[{"count":0,"href":"https:\/\/www.serbski-institut.de\/os\/wp-json\/wp\/v2\/posts\/13701\/revisions"}],"wp:featuredmedia":[{"embeddable":true,"href":"https:\/\/www.serbski-institut.de\/os\/wp-json\/wp\/v2\/media\/13686"}],"wp:attachment":[{"href":"https:\/\/www.serbski-institut.de\/os\/wp-json\/wp\/v2\/media?parent=13701"}],"wp:term":[{"taxonomy":"category","embeddable":true,"href":"https:\/\/www.serbski-institut.de\/os\/wp-json\/wp\/v2\/categories?post=13701"},{"taxonomy":"post_tag","embeddable":true,"href":"https:\/\/www.serbski-institut.de\/os\/wp-json\/wp\/v2\/tags?post=13701"}],"curies":[{"name":"wp","href":"https:\/\/api.w.org\/{rel}","templated":true}]}}