{"id":14175,"date":"2024-02-06T15:25:35","date_gmt":"2024-02-06T14:25:35","guid":{"rendered":"https:\/\/www.serbski-institut.de\/?p=14175"},"modified":"2024-02-12T13:59:52","modified_gmt":"2024-02-12T12:59:52","slug":"dzen-archiwow-2024","status":"publish","type":"post","link":"https:\/\/www.serbski-institut.de\/os\/dzen-archiwow-2024\/","title":{"rendered":"D\u017ae\u0144 archiwow w Serbskim institu\u0107e w Budy\u0161inje njed\u017aelu, 3. m\u011brca"},"content":{"rendered":"<p>Serbska centralna biblioteka a serbski kulturny archiw wobd\u017a\u011blitej so na l\u011btu\u0161im dnju archiwow z motom &#8220;J\u011bs\u0107 a pi\u0107&#8221;. Tut\u00f3n d\u017ae\u0144 wuhotuje so dwul\u011btnje. Zwjazk n\u011bmskich archiwarow je j\u00f3n w l\u011b\u0107e 2001 zrod\u017ai\u0142.<\/p>\n<h3>Program<\/h3>\n<ul>\n<li>14:00 a 15:00 hod\u017a. &#8211; &#8220;Archiw jako kulturny pomjatk&#8221;: stawizny, d\u017a\u011b\u0142awos\u0107, wobstatki, jednotliwe eksponaty; wjed\u017aenje po archiwje<\/li>\n<li>b\u011b\u017enje &#8211; p\u0159edstajenje historiskich wobrazow a nahrawanjow na temu<\/li>\n<\/ul>\n<p>P\u0159i w\u0161\u011bdnym d\u017a\u011ble w archiwje a bibliotece njejsu ze\u017eiwid\u0142a a pi\u0107e rady wid\u017aane \u2013 ale w dokumentach a knihach so husto wo nich pisa a r\u011b\u010di. N\u011b\u0161to za w\u00f3\u010dko a wucho su historiske fotografije a zwukowe dokumenty. N\u011b\u0161to za brjuch su samopje\u010dene plincy (po recep\u0107e z B\u0142\u00f3tow) a kofej. Bud\u017a\u0107e wutrobnje witani!<\/p>\n<p><em>Dal\u0161e informacije k <a href=\"https:\/\/www.vda.archiv.net\/tag-der-archive\/teilnehmende-archive\/nach-bundesland-1\/sachsen.html\" target=\"_blank\" rel=\"noopener\">Dnjej archiwow<\/a> w N\u011bmskej.\u00a0I<\/em><em>mpresije<a href=\"https:\/\/www.serbski-institut.de\/os\/dzen-archiwow-w-serbskim-instituce-w-budysinje-njedzelu-dnja-6-merca-1400-do-1700-hodz\/\"> minjeneho Dnja archiwow<\/a> w Serbskim kulturnym archiwje, 6. m\u011brca 2022.<\/em><\/p>\n","protected":false},"excerpt":{"rendered":"<p>Serbska centralna biblioteka a serbski kulturny archiw wobd\u017a\u011blitej so na l\u011btu\u0161im dnju archiwow z motom &#8220;J\u011bs\u0107 a pi\u0107&#8221;. Tut\u00f3n d\u017ae\u0144 wuhotuje so dwul\u011btnje. Zwjazk n\u011bmskich archiwarow je j\u00f3n w l\u011b\u0107e 2001 zrod\u017ai\u0142. Program 14:00 a 15:00 hod\u017a. &#8211; &#8220;Archiw jako kulturny pomjatk&#8221;: stawizny, d\u017a\u011b\u0142awos\u0107, wobstatki, jednotliwe eksponaty; wjed\u017aenje po archiwje b\u011b\u017enje &#8211; p\u0159edstajenje historiskich wobrazow [&hellip;]<\/p>\n","protected":false},"author":5,"featured_media":14292,"comment_status":"closed","ping_status":"closed","sticky":false,"template":"","format":"standard","meta":{"_acf_changed":false,"footnotes":""},"categories":[43],"tags":[],"class_list":["post-14175","post","type-post","status-publish","format-standard","has-post-thumbnail","hentry","category-veranstaltung-os"],"acf":[],"_links":{"self":[{"href":"https:\/\/www.serbski-institut.de\/os\/wp-json\/wp\/v2\/posts\/14175","targetHints":{"allow":["GET"]}}],"collection":[{"href":"https:\/\/www.serbski-institut.de\/os\/wp-json\/wp\/v2\/posts"}],"about":[{"href":"https:\/\/www.serbski-institut.de\/os\/wp-json\/wp\/v2\/types\/post"}],"author":[{"embeddable":true,"href":"https:\/\/www.serbski-institut.de\/os\/wp-json\/wp\/v2\/users\/5"}],"replies":[{"embeddable":true,"href":"https:\/\/www.serbski-institut.de\/os\/wp-json\/wp\/v2\/comments?post=14175"}],"version-history":[{"count":9,"href":"https:\/\/www.serbski-institut.de\/os\/wp-json\/wp\/v2\/posts\/14175\/revisions"}],"predecessor-version":[{"id":14300,"href":"https:\/\/www.serbski-institut.de\/os\/wp-json\/wp\/v2\/posts\/14175\/revisions\/14300"}],"wp:featuredmedia":[{"embeddable":true,"href":"https:\/\/www.serbski-institut.de\/os\/wp-json\/wp\/v2\/media\/14292"}],"wp:attachment":[{"href":"https:\/\/www.serbski-institut.de\/os\/wp-json\/wp\/v2\/media?parent=14175"}],"wp:term":[{"taxonomy":"category","embeddable":true,"href":"https:\/\/www.serbski-institut.de\/os\/wp-json\/wp\/v2\/categories?post=14175"},{"taxonomy":"post_tag","embeddable":true,"href":"https:\/\/www.serbski-institut.de\/os\/wp-json\/wp\/v2\/tags?post=14175"}],"curies":[{"name":"wp","href":"https:\/\/api.w.org\/{rel}","templated":true}]}}