{"id":14610,"date":"2024-03-05T14:20:27","date_gmt":"2024-03-05T13:20:27","guid":{"rendered":"https:\/\/www.serbski-institut.de\/wo-wuziwanju-mjensinowych-recow-w-strowotnistwje-a-w-hladanskim-sektorje\/"},"modified":"2024-03-05T14:21:43","modified_gmt":"2024-03-05T13:21:43","slug":"wo-wuziwanju-mjensinowych-recow-w-strowotnistwje-a-w-hladanskim-sektorje","status":"publish","type":"post","link":"https:\/\/www.serbski-institut.de\/os\/wo-wuziwanju-mjensinowych-recow-w-strowotnistwje-a-w-hladanskim-sektorje\/","title":{"rendered":"Wo wu\u017eiwanju mje\u0144\u0161inowych r\u011b\u010dow w strowotnistwje a w hladanskim sektorje"},"content":{"rendered":"<p>Z wu\u017eiwanjom mje\u0144\u0161inowych r\u011b\u010dow w strowotnistwje a w hladanskim sektorje zab\u011brachu so na \u0161tw\u00f3rtym zarjadowanju &#8220;NPLD-Coppieters Campus&#8221; 28.\/29. septembra 2023 w Helsinkach \u010d\u0142onojo Coppieteroweje za\u0142o\u017eby a Sy\u0107e k sp\u011bchowanju mnohotnos\u0107e r\u011b\u010dow (NPLD). Zhromadnje ze \u0160wedskej zhromad\u017aiznu Finskeje (Folktinget) je NPLD na konferencu p\u0159eprosy\u0142o. <a href=\"https:\/\/www.serbski-institut.de\/neu-im-netzwerk-npld\/\">Wot 2022 je Serbski institut \u010d\u0142on sy\u0107e<\/a> a b\u011b w Finskej z politologu Jean-R\u00e9mi Carbonneau PhD (wotrjad <a href=\"https:\/\/www.serbski-institut.de\/forschung\/regionalentwicklung-und-minderheitenschutz\/\">regionalne wuwi\u0107e a \u0161kit mje\u0144\u0161inow<\/a>) zastupjeny.<\/p>\n<ul>\n<li>dale \u010dita\u0107: <a href=\"https:\/\/www.serbski-institut.de\/ueber-den-gebrauch-von-minderheitensprachen-im-gesundheits-und-pflegebereich-ging-es-beim-diesjaehrigen-npld-coppieters-campus-in-helsinki\/\">n\u011bmska, wob\u0161\u011brna wersija zd\u017a\u011blenki<\/a><\/li>\n<\/ul>\n","protected":false},"excerpt":{"rendered":"<p>Z wu\u017eiwanjom mje\u0144\u0161inowych r\u011b\u010dow w strowotnistwje a w hladanskim sektorje zab\u011brachu so na \u0161tw\u00f3rtym zarjadowanju &#8220;NPLD-Coppieters Campus&#8221; 28.\/29. septembra 2023 w Helsinkach \u010d\u0142onojo Coppieteroweje za\u0142o\u017eby a Sy\u0107e k sp\u011bchowanju mnohotnos\u0107e r\u011b\u010dow (NPLD). Zhromadnje ze \u0160wedskej zhromad\u017aiznu Finskeje (Folktinget) je NPLD na konferencu p\u0159eprosy\u0142o. Wot 2022 je Serbski institut \u010d\u0142on sy\u0107e a b\u011b w Finskej z [&hellip;]<\/p>\n","protected":false},"author":5,"featured_media":12734,"comment_status":"closed","ping_status":"closed","sticky":false,"template":"","format":"standard","meta":{"_acf_changed":false,"footnotes":""},"categories":[14],"tags":[],"class_list":["post-14610","post","type-post","status-publish","format-standard","has-post-thumbnail","hentry","category-newsmeldung-os"],"acf":[],"_links":{"self":[{"href":"https:\/\/www.serbski-institut.de\/os\/wp-json\/wp\/v2\/posts\/14610","targetHints":{"allow":["GET"]}}],"collection":[{"href":"https:\/\/www.serbski-institut.de\/os\/wp-json\/wp\/v2\/posts"}],"about":[{"href":"https:\/\/www.serbski-institut.de\/os\/wp-json\/wp\/v2\/types\/post"}],"author":[{"embeddable":true,"href":"https:\/\/www.serbski-institut.de\/os\/wp-json\/wp\/v2\/users\/5"}],"replies":[{"embeddable":true,"href":"https:\/\/www.serbski-institut.de\/os\/wp-json\/wp\/v2\/comments?post=14610"}],"version-history":[{"count":1,"href":"https:\/\/www.serbski-institut.de\/os\/wp-json\/wp\/v2\/posts\/14610\/revisions"}],"predecessor-version":[{"id":14611,"href":"https:\/\/www.serbski-institut.de\/os\/wp-json\/wp\/v2\/posts\/14610\/revisions\/14611"}],"wp:featuredmedia":[{"embeddable":true,"href":"https:\/\/www.serbski-institut.de\/os\/wp-json\/wp\/v2\/media\/12734"}],"wp:attachment":[{"href":"https:\/\/www.serbski-institut.de\/os\/wp-json\/wp\/v2\/media?parent=14610"}],"wp:term":[{"taxonomy":"category","embeddable":true,"href":"https:\/\/www.serbski-institut.de\/os\/wp-json\/wp\/v2\/categories?post=14610"},{"taxonomy":"post_tag","embeddable":true,"href":"https:\/\/www.serbski-institut.de\/os\/wp-json\/wp\/v2\/tags?post=14610"}],"curies":[{"name":"wp","href":"https:\/\/api.w.org\/{rel}","templated":true}]}}