{"id":228647,"date":"2025-01-31T11:23:28","date_gmt":"2025-01-31T10:23:28","guid":{"rendered":"https:\/\/www.serbski-institut.de\/4-apryla-w-nocy-do-biblioteki\/"},"modified":"2025-03-19T20:14:08","modified_gmt":"2025-03-19T19:14:08","slug":"4-apryla-w-nocy-do-biblioteki","status":"publish","type":"post","link":"https:\/\/www.serbski-institut.de\/os\/4-apryla-w-nocy-do-biblioteki\/","title":{"rendered":"4. apryla: n\u00f3c bibliotekow"},"content":{"rendered":"<p>Pjatk dnja 4. apryla 2025 wobd\u017a\u011bli so Serbska centralna biblioteka pr\u011bni raz na cy\u0142on\u011bmskej \u201enocy bibliotekow\u201c. Pod motom \u201ew\u011bdu d\u017a\u011bli\u0107 a sej wotkry\u0107\u201c (\u201eWissen.Teilen.Entdecken.\u201c) wotewri Serbska centralna biblioteka zajimcam mjez 18.00 a 22.00 hod\u017a. swoje durje.<\/p>\n<h3>program<\/h3>\n<ul>\n<li>18.00 hod\u017a. zahajenje<strong> \u201enocy bibliotekow\u201c a wotewrjenje<\/strong> <strong>kabinetneje wustaje\u0144cy<\/strong> k d\u017a\u011b\u0142awos\u0107i <strong>nak\u0142adnistwa Lusatia<\/strong><\/li>\n<li>18.45 hod\u017a. dr. <a href=\"https:\/\/www.serbski-institut.de\/mitarbeiter\/dr-robert-lorenz\/\">Robert Lorenc<\/a> p\u0159edstaji Arno\u0161ta Mukowu \u201e<strong>Statistiku \u0142u\u017eiskich Serbow<\/strong>\u201c z l\u011bta 1886, w n\u011bmskej r\u011b\u010di<\/li>\n<li>19.15\u201321.00 hod\u017a. kr\u00f3tke a <strong>zabawne \u010ditanja na njew\u0161\u011bdnych m\u011bstnach<\/strong>, pr\u011bki a pod\u0142u po na\u0161ich wobstatkach, w serbskimaj r\u011b\u010domaj a n\u011bmsce<\/li>\n<li>21.30 hod\u017a. <strong>wjed\u017aenje<\/strong> p\u0159ez bibliotekske rumnos\u0107e<\/li>\n<\/ul>\n<p>nimo toho:<\/p>\n<ul>\n<li>Serbska centralna biblioteka a Serbski kulturny archiw informujetej wo d\u017a\u011b\u0142awos\u0107i, <strong>m\u00f3\u017enos\u0107ach re\u0161er\u0161owanja<\/strong> a wu\u017eiwanja<\/li>\n<li>\u201e<strong>Serbska murja<\/strong>\u201c pokaza \u201e<strong>Stawiznak<\/strong>\u201c-wideja a p\u0159epro\u0161uje zajimcow so w hr\u011b \u201e<strong>QuizSerb<\/strong>\u201c wub\u011bd\u017aowa\u0107<\/li>\n<li>Wzmi\u0107e sej <strong>originalne wuda\u0107e Noweje doby<\/strong> wa\u0161eho narodninskeho dnja sobu domoj (l\u011btniki 1956\u20131970, po poskitku)<\/li>\n<li>p\u0159ehladaj\u0107e poskitk na\u0161eho <strong>antikwariskeho blida<\/strong><\/li>\n<\/ul>\n<p><em>Serbska centralna biblioteka a Serbski kulturny archiw wobd\u017a\u011bla so na <a href=\"https:\/\/www.nachtderbibliotheken.de\/\" target=\"_blank\" rel=\"noopener\">cy\u0142on\u011bmskej nocy bibliotekow<\/a>.<\/em><\/p>\n<p>Zarjadowanje Serbskeho instituta <a href=\"https:\/\/www.nachtderbibliotheken.de\/veranstaltungen\/bautzen\/370469964.w-nocy-do-biblioteki-nacht-der-offenen-bibliothek\/\" target=\"_blank\" rel=\"noopener\">na stronkach cy\u0142on\u011bmskeje akcije<\/a>.<\/p>\n","protected":false},"excerpt":{"rendered":"<p>Pjatk dnja 4. apryla 2025 wobd\u017a\u011bli so Serbska centralna biblioteka pr\u011bni raz na cy\u0142on\u011bmskej \u201enocy bibliotekow\u201c. Pod motom \u201ew\u011bdu d\u017a\u011bli\u0107 a sej wotkry\u0107\u201c (\u201eWissen.Teilen.Entdecken.\u201c) wotewri Serbska centralna biblioteka zajimcam mjez 18.00 a 22.00 hod\u017a. swoje durje. program 18.00 hod\u017a. zahajenje \u201enocy bibliotekow\u201c a wotewrjenje kabinetneje wustaje\u0144cy k d\u017a\u011b\u0142awos\u0107i nak\u0142adnistwa Lusatia 18.45 hod\u017a. dr. Robert Lorenc [&hellip;]<\/p>\n","protected":false},"author":5,"featured_media":236351,"comment_status":"closed","ping_status":"closed","sticky":false,"template":"","format":"standard","meta":{"_acf_changed":false,"footnotes":""},"categories":[43],"tags":[],"class_list":["post-228647","post","type-post","status-publish","format-standard","has-post-thumbnail","hentry","category-veranstaltung-os"],"acf":[],"_links":{"self":[{"href":"https:\/\/www.serbski-institut.de\/os\/wp-json\/wp\/v2\/posts\/228647","targetHints":{"allow":["GET"]}}],"collection":[{"href":"https:\/\/www.serbski-institut.de\/os\/wp-json\/wp\/v2\/posts"}],"about":[{"href":"https:\/\/www.serbski-institut.de\/os\/wp-json\/wp\/v2\/types\/post"}],"author":[{"embeddable":true,"href":"https:\/\/www.serbski-institut.de\/os\/wp-json\/wp\/v2\/users\/5"}],"replies":[{"embeddable":true,"href":"https:\/\/www.serbski-institut.de\/os\/wp-json\/wp\/v2\/comments?post=228647"}],"version-history":[{"count":12,"href":"https:\/\/www.serbski-institut.de\/os\/wp-json\/wp\/v2\/posts\/228647\/revisions"}],"predecessor-version":[{"id":236405,"href":"https:\/\/www.serbski-institut.de\/os\/wp-json\/wp\/v2\/posts\/228647\/revisions\/236405"}],"wp:featuredmedia":[{"embeddable":true,"href":"https:\/\/www.serbski-institut.de\/os\/wp-json\/wp\/v2\/media\/236351"}],"wp:attachment":[{"href":"https:\/\/www.serbski-institut.de\/os\/wp-json\/wp\/v2\/media?parent=228647"}],"wp:term":[{"taxonomy":"category","embeddable":true,"href":"https:\/\/www.serbski-institut.de\/os\/wp-json\/wp\/v2\/categories?post=228647"},{"taxonomy":"post_tag","embeddable":true,"href":"https:\/\/www.serbski-institut.de\/os\/wp-json\/wp\/v2\/tags?post=228647"}],"curies":[{"name":"wp","href":"https:\/\/api.w.org\/{rel}","templated":true}]}}