{"id":237197,"date":"2025-03-28T13:31:22","date_gmt":"2025-03-28T12:31:22","guid":{"rendered":"https:\/\/www.serbski-institut.de\/serbska-centralna-biblioteka-wobdzeli-so-na-prenjej-cylonemskej-nocy-bibliotekow\/"},"modified":"2025-03-31T08:25:42","modified_gmt":"2025-03-31T06:25:42","slug":"noc-bibliotekow-2025","status":"publish","type":"post","link":"https:\/\/www.serbski-institut.de\/os\/noc-bibliotekow-2025\/","title":{"rendered":"Serbska centralna biblioteka wobd\u017a\u011bli so na cy\u0142on\u011bmskej &#8220;Nocy bibliotekow&#8221;"},"content":{"rendered":"<p><strong>Pjatk, 4. apryla 2025 wobd\u017a\u011bli so Serbska centralna biblioteka (SCB) na <a href=\"https:\/\/www.nachtderbibliotheken.de\/\" target=\"_blank\" rel=\"noopener\">cy\u0142on\u011bmskej Nocy bibliotekow<\/a>. N\u00f3c wotm\u011bje so pod motom \u201ew\u011bdu d\u017a\u011bli\u0107 a sej wotkry\u0107\u201d (\u201cWissen.Teilen.Entdecken\u201d) w Serbskim institu\u0107e na Dw\u00f3rni\u0161\u0107owej 6 w Budy\u0161inje.\u00a0SCB wotewri swoje durje, informuje wo swojej d\u017a\u011b\u0142awos\u0107i, m\u00f3\u017enos\u0107ach re\u0161er\u0161owanja a wu\u017eiwanja a poski\u0107i kr\u00f3tke \u010ditanja na njew\u0161\u011bdnych m\u011bstnach w domje.<\/strong><\/p>\n<p>N\u00f3c zahaji so we 18.00 hod\u017a. z wotewrjenjom <strong>kabinetneje wustaje\u0144cy k d\u017a\u011b\u0142awos\u0107i Lusatia nak\u0142adnistwa<\/strong>. \u0160\u011broki repertoire nak\u0142adnistwa so prezentuje, knihi m\u00f3\u017ea so na m\u011bstnje wobhlada\u0107 a w\u011bzo te\u017e wupo\u017e\u010dowa\u0107. Zawostajenstwo nak\u0142adnistwa je we wobsydstwje SCB a Serbskeho kulturneho archiwa (SKA).<\/p>\n<p>Dale p\u0159edstaji dr. <a href=\"https:\/\/www.serbski-institut.de\/mitarbeiter\/dr-robert-lorenz\/\">Robert Lorenc<\/a> Mukowu &#8220;<strong><a href=\"https:\/\/www.serbski-institut.de\/publikation\/statistik-der-lausitzer-sorben\/\">Statistiku \u0142u\u017eiskich Serbow<\/a><\/strong>&#8221; z l\u011bta 1886 (w n\u011bmskej r\u011b\u010di). S\u0107\u011bhuja <strong>kr\u00f3tke a zabawne \u010ditanja pow\u011bdkow, krimijow a lyriki<\/strong>, pr\u011bki a pod\u0142u na\u0161ich wobstatkow, w serbskimaj r\u011b\u010domaj a n\u011bmsce. \u010citaja Madle\u0144ka \u0160o\u0142\u0107ic, M\u011br\u0107in Wjenk, <a href=\"https:\/\/www.serbski-institut.de\/mitarbeiter\/dr-anja-pohontsch\/\">Anja Pohon\u010dowa<\/a> a M\u011brana Cu\u0161cyna.<\/p>\n<p>Wopytowarjo m\u00f3\u017ea sej <strong>originalne wuda\u0107e Noweje doby<\/strong> narodninskeho dnja sobu domoj wza\u0107 (l\u011btniki 1956-1970, po poskitku) ka\u017e te\u017e antikwariske knihi.<\/p>\n<p>W sydarni p\u0159edstaji m\u0142ode towarstwo &#8220;<strong>Serbska murja<\/strong>&#8221; swoje wideja k serbskim stawiznam a p\u0159epro\u0161uje zajimcow so w hr\u011b &#8220;<a href=\"https:\/\/play.quizserb.de\/\" target=\"_blank\" rel=\"noopener\">QuizSerb<\/a>&#8221; wub\u011bd\u017aowa\u0107.<\/p>\n<ul>\n<li><a href=\"https:\/\/www.serbski-institut.de\/nacht-der-bibliotheken\/\">zarjadowanska stronka<\/a><\/li>\n<\/ul>\n<p><em><strong>Serbska centralna biblioteka<\/strong> bu za\u0142o\u017eena w l\u011b\u0107e 1949. Jeje h\u0142owny nadawk je zb\u011bra\u0107 w\u0161u literaturu w serbskej r\u011b\u010di, wo Serbach a wo Hornjej a Delnjej \u0141u\u017eicy, w zmysle narodneje biblioteki. Zak\u0142adny wobstatk biblioteki twori zbytk knihownje Ma\u0107icy Serbskeje. Tut\u00f3n wobstatk historiskich knihow je so wudospo\u0142nja\u0142 p\u0159ez nakup resp. darjenje priwatnych knihownjow serbskich w\u00f3t\u010dincow. Z \u010dasa za\u0142o\u017eenja w l\u011b\u0107e 1958 podp\u011bra Ludowe nak\u0142adnistwo Domowina z winowatostnymi eksemplarami Serbsku centralnu biblioteku. P\u0159ez wum\u011bnu z tu- a wukrajnymi institucijemi wobsed\u017ai nahladny wobstatk slawistiskich a s\u0142owjansich knihow a \u010dasopisow. Serbska centralna biblioteka je zdobom w\u011bdomostna biblioteka Serbskeho instituta.<\/em><\/p>\n<p><em>1992 za\u0142o\u017ei literaturow\u011bdnik a lektor dr. Frank St\u00fcbner <strong>nak\u0142adnistwo Lusatia<\/strong>. Jeho najzna\u0107i\u0161a edicija b\u011b woblubowany \u201eOberlausitzer Hausbuch\u201c, n\u011bmski pendant \u201eSerbskeje protyki\u201c, kotreho\u017e pr\u011bni l\u011btnik b\u011b dr. St\u00fcbner hi\u0161\u0107e w LND wuda\u0142. Koncept nak\u0142adnistwa b\u011b, wuda\u0107 literaturu za Hornju \u0141u\u017eicu a namjezne k\u00f3n\u010diny. Wot w\u0161eho spo\u010datka w\u011bnowa\u0161e so te\u017e w n\u011bmskej r\u011b\u010di serbskim wobsaham ka\u017e informacijam wo Serbach a jich wosebitos\u0107am. 2017, w 25.l\u011b\u0107e nak\u0142adnistwa, zemr\u011b nak\u0142adnik a d\u017a\u011b\u0142o nak\u0142adnistwa so njejapcy sk\u00f3n\u010di.<\/em><\/p>\n<p>kontakt: <a href=\"https:\/\/www.serbski-institut.de\/mitarbeiter\/anna-mirtschin\/\">Anna M\u011br\u0107inowa<\/a>,<\/p>\n","protected":false},"excerpt":{"rendered":"<p>Pjatk, 4. apryla 2025 wobd\u017a\u011bli so Serbska centralna biblioteka (SCB) na cy\u0142on\u011bmskej Nocy bibliotekow. N\u00f3c wotm\u011bje so pod motom \u201ew\u011bdu d\u017a\u011bli\u0107 a sej wotkry\u0107\u201d (\u201cWissen.Teilen.Entdecken\u201d) w Serbskim institu\u0107e na Dw\u00f3rni\u0161\u0107owej 6 w Budy\u0161inje.\u00a0SCB wotewri swoje durje, informuje wo swojej d\u017a\u011b\u0142awos\u0107i, m\u00f3\u017enos\u0107ach re\u0161er\u0161owanja a wu\u017eiwanja a poski\u0107i kr\u00f3tke \u010ditanja na njew\u0161\u011bdnych m\u011bstnach w domje. N\u00f3c zahaji [&hellip;]<\/p>\n","protected":false},"author":5,"featured_media":237202,"comment_status":"closed","ping_status":"closed","sticky":false,"template":"","format":"standard","meta":{"_acf_changed":false,"footnotes":""},"categories":[14],"tags":[],"class_list":["post-237197","post","type-post","status-publish","format-standard","has-post-thumbnail","hentry","category-newsmeldung-os"],"acf":[],"_links":{"self":[{"href":"https:\/\/www.serbski-institut.de\/os\/wp-json\/wp\/v2\/posts\/237197","targetHints":{"allow":["GET"]}}],"collection":[{"href":"https:\/\/www.serbski-institut.de\/os\/wp-json\/wp\/v2\/posts"}],"about":[{"href":"https:\/\/www.serbski-institut.de\/os\/wp-json\/wp\/v2\/types\/post"}],"author":[{"embeddable":true,"href":"https:\/\/www.serbski-institut.de\/os\/wp-json\/wp\/v2\/users\/5"}],"replies":[{"embeddable":true,"href":"https:\/\/www.serbski-institut.de\/os\/wp-json\/wp\/v2\/comments?post=237197"}],"version-history":[{"count":3,"href":"https:\/\/www.serbski-institut.de\/os\/wp-json\/wp\/v2\/posts\/237197\/revisions"}],"predecessor-version":[{"id":237347,"href":"https:\/\/www.serbski-institut.de\/os\/wp-json\/wp\/v2\/posts\/237197\/revisions\/237347"}],"wp:featuredmedia":[{"embeddable":true,"href":"https:\/\/www.serbski-institut.de\/os\/wp-json\/wp\/v2\/media\/237202"}],"wp:attachment":[{"href":"https:\/\/www.serbski-institut.de\/os\/wp-json\/wp\/v2\/media?parent=237197"}],"wp:term":[{"taxonomy":"category","embeddable":true,"href":"https:\/\/www.serbski-institut.de\/os\/wp-json\/wp\/v2\/categories?post=237197"},{"taxonomy":"post_tag","embeddable":true,"href":"https:\/\/www.serbski-institut.de\/os\/wp-json\/wp\/v2\/tags?post=237197"}],"curies":[{"name":"wp","href":"https:\/\/api.w.org\/{rel}","templated":true}]}}