{"id":250256,"date":"2025-10-29T16:51:24","date_gmt":"2025-10-29T15:51:24","guid":{"rendered":"https:\/\/www.serbski-institut.de\/prednosk-wo-koncepciji-kulturneho-registra\/"},"modified":"2025-11-28T11:50:16","modified_gmt":"2025-11-28T10:50:16","slug":"prednosk-wo-koncepciji-kulturneho-registra","status":"publish","type":"post","link":"https:\/\/www.serbski-institut.de\/os\/prednosk-wo-koncepciji-kulturneho-registra\/","title":{"rendered":"P\u0159edno\u0161k, 27. nowembra: P\u0159ichod serbskeho kulturneho herbstwa. \u0160to je a \u010dehodla trjebamy digitalny kulturny register?"},"content":{"rendered":"<p>Referen\u0107a:<\/p>\n<ul>\n<li><a href=\"https:\/\/www.serbski-institut.de\/mitarbeiter\/hauke-bartels\/\">prof. dr. Hauke Bartels<\/a>, direktor Serbskeho instituta a profesor za sorabistiku p\u0159i Drje\u017ed\u017aanskej techniskej uniwersi\u0107e<\/li>\n<li><a href=\"https:\/\/www.serbski-institut.de\/mitarbeiter\/dr-robert-lorenz\/\">dr. Robert Lorenc<\/a>, etnologa p\u0159i Serbskim institu\u0107e, digitalizaciski centrum a wotrjad kulturne w\u011bdomos\u0107e<\/li>\n<li><a href=\"https:\/\/www.serbski-institut.de\/mitarbeiter\/alf-christian-schering\/\">Alf-Christian Schering<\/a>, IT\/digital humanities p\u0159i Serbskim institu\u0107e<\/li>\n<\/ul>\n<p>Serbski kulturny register bud\u017ae serbske kulturne herbstwo we w\u0161ej swojej \u0161\u011brokos\u0107i a w\u0161elakoros\u0107i dokumentowa\u0107. Jako kulturny katalog zaru\u010di zachowanje a zwobraznjenje w\u011bdy wo objektach kulturneho herbstwa a kulturnych praktikow. Serbski kulturny register je zak\u0142ad za digitalizaciju wubranych objektow w digitalizaciskim centrumje. Bazuje na zhromadnym d\u017a\u011ble wjele w\u0161elakich, po cy\u0142ej \u0141u\u017eicy a zwonka njeje, zam\u011bstnjenych institucijow, kotre\u017e jako muzeje, domizniske stwy, archiwy, priwatne zb\u011brki atd. cy\u0142e kulturne herbstwo reprezentuja. Kulturny register ma so n\u011btko ze \u017eiwjenjom spjelni\u0107, zo by so serbskemu kulturnemu herbstwu skok do digitalneho p\u0159ichoda zm\u00f3\u017eni\u0142<\/p>\n<p>Dale \u010dita\u0107:<\/p>\n<ul>\n<li><a href=\"https:\/\/www.serbski-institut.de\/projekte-zentrale-vorhaben\/kulturerberegister\/\">wo koncepciji registra za serbske kulturne herbstwo<\/a><\/li>\n<li>wo <a href=\"https:\/\/www.serbski-institut.de\/projekte-zentrale-vorhaben\/digitalisierungszentrum-dz\/\">digitalizaciskim centrumje<\/a><\/li>\n<\/ul>\n","protected":false},"excerpt":{"rendered":"<p>Referen\u0107a: prof. dr. Hauke Bartels, direktor Serbskeho instituta a profesor za sorabistiku p\u0159i Drje\u017ed\u017aanskej techniskej uniwersi\u0107e dr. Robert Lorenc, etnologa p\u0159i Serbskim institu\u0107e, digitalizaciski centrum a wotrjad kulturne w\u011bdomos\u0107e Alf-Christian Schering, IT\/digital humanities p\u0159i Serbskim institu\u0107e Serbski kulturny register bud\u017ae serbske kulturne herbstwo we w\u0161ej swojej \u0161\u011brokos\u0107i a w\u0161elakoros\u0107i dokumentowa\u0107. Jako kulturny katalog zaru\u010di zachowanje [&hellip;]<\/p>\n","protected":false},"author":5,"featured_media":250472,"comment_status":"closed","ping_status":"closed","sticky":false,"template":"","format":"standard","meta":{"_acf_changed":false,"footnotes":""},"categories":[43],"tags":[],"class_list":["post-250256","post","type-post","status-publish","format-standard","has-post-thumbnail","hentry","category-veranstaltung-os"],"acf":[],"_links":{"self":[{"href":"https:\/\/www.serbski-institut.de\/os\/wp-json\/wp\/v2\/posts\/250256","targetHints":{"allow":["GET"]}}],"collection":[{"href":"https:\/\/www.serbski-institut.de\/os\/wp-json\/wp\/v2\/posts"}],"about":[{"href":"https:\/\/www.serbski-institut.de\/os\/wp-json\/wp\/v2\/types\/post"}],"author":[{"embeddable":true,"href":"https:\/\/www.serbski-institut.de\/os\/wp-json\/wp\/v2\/users\/5"}],"replies":[{"embeddable":true,"href":"https:\/\/www.serbski-institut.de\/os\/wp-json\/wp\/v2\/comments?post=250256"}],"version-history":[{"count":12,"href":"https:\/\/www.serbski-institut.de\/os\/wp-json\/wp\/v2\/posts\/250256\/revisions"}],"predecessor-version":[{"id":250826,"href":"https:\/\/www.serbski-institut.de\/os\/wp-json\/wp\/v2\/posts\/250256\/revisions\/250826"}],"wp:featuredmedia":[{"embeddable":true,"href":"https:\/\/www.serbski-institut.de\/os\/wp-json\/wp\/v2\/media\/250472"}],"wp:attachment":[{"href":"https:\/\/www.serbski-institut.de\/os\/wp-json\/wp\/v2\/media?parent=250256"}],"wp:term":[{"taxonomy":"category","embeddable":true,"href":"https:\/\/www.serbski-institut.de\/os\/wp-json\/wp\/v2\/categories?post=250256"},{"taxonomy":"post_tag","embeddable":true,"href":"https:\/\/www.serbski-institut.de\/os\/wp-json\/wp\/v2\/tags?post=250256"}],"curies":[{"name":"wp","href":"https:\/\/api.w.org\/{rel}","templated":true}]}}