{"id":251834,"date":"2026-02-06T13:27:07","date_gmt":"2026-02-06T12:27:07","guid":{"rendered":"https:\/\/www.serbski-institut.de\/dzen-archiwow-2026\/"},"modified":"2026-02-17T12:52:19","modified_gmt":"2026-02-17T11:52:19","slug":"dzen-archiwow-2026","status":"publish","type":"post","link":"https:\/\/www.serbski-institut.de\/os\/dzen-archiwow-2026\/","title":{"rendered":"7. m\u011brca: Show and tell | Poka\u017e a pow\u011bdaj &#8211; D\u017ae\u0144 archiwow"},"content":{"rendered":"<p>My pokazamy na\u0161e droho\u0107inki a wy pokaza\u0107e wa\u0161e<\/p>\n<p>Serbski kulturny archiw a Serbska centralna biblioteka p\u0159i Serbskim institu\u0107e wobd\u017a\u011blitej so znowa na Dnju archiwow w N\u011bmskej. L\u011btsa prezentuje so archiw jako m\u011bstno komunikacije a dop\u00f3zna\u0107a. Nic jeno\u017e na\u0161e pok\u0142ady maja w srjed\u017ai\u0161\u0107u sta\u0107. P\u0159epro\u0161amy na\u0161ich wopytowarjow, dokumenty ze sw\u00f3jbnych stawiznow sobu p\u0159injes\u0107 a p\u0159edstaji\u0107: historiske wupokazy, wopisma, listy, serbske knihi, d\u017aeniki, w\u011bnowanja, fotografije, wusw\u011bd\u010denja atd. Snano m\u00f3\u017ee\u0107e zajimawu stawiznu k tomu pow\u011bda\u0107, snano m\u00f3\u017eemy my n\u011b\u0161to wo pozadkach rjec abo pomhamy pismo wu\u010dita\u0107 a dale sl\u011bd\u017ai\u0107 \u2013 na k\u00f3\u017edy pad bud\u017aemy so rozmo\u0142wje\u0107.<\/p>\n<h3>Program:<\/h3>\n<ul>\n<li>14:00 hod\u017a.: Wotewrjenje kabinetneje wustaje\u0144cy &#8220;W\u011bru a pismo \u0161\u011bri\u0107 &#8211; Henriette Catharina von Gersdorf (1648-1726)&#8221;<\/li>\n<li>14:30 hod\u017a.: Droho\u0107inki serbskeho pismowstwa &#8211; wjed\u017aenje p\u0159ez archiw a biblioteku<\/li>\n<li>15:30 Poka\u017e a pow\u011bdaj: Zhromadnje wobhladamy sej dokumenty, fota a dal\u0161e zajimawostki z wa\u0161eho sw\u00f3jbneho wobsydstwa, runje tak podamy dohlad do wobstatkow Serbskeho kulturneho archiwa a biblioteki a p\u0159i\u0144d\u017aemy do rozmo\u0142wy. Samozrozumliwje su te\u017e zajimcy bjez dokumenta witani. \u2013 <em>Wjeselimy so, jeli Wam m\u00f3\u017eno, nam hi\u017eo w p\u0159edpolu kr\u00f3tku informaciju da\u0107, telefonisce (03591 4972-32 resp. -33), p\u0159ez e-mail (<a href=\"&#x6d;&#x61;&#105;&#108;&#116;o&#x3a;&#x61;&#x6e;&#110;&#97;&#46;m&#x69;&#x72;&#x74;&#115;&#99;h&#x69;&#x6e;&#x40;&#115;&#101;&#114;b&#x73;&#x6b;&#x69;&#45;&#105;ns&#x74;&#x69;&#x74;&#117;&#116;&#46;&#x64;&#x65;\">an&#110;&#97;&#46;&#109;&#x69;&#x72;&#x74;&#x73;&#x63;hi&#110;&#64;&#115;&#101;&#x72;&#x62;&#x73;&#x6b;&#x69;-i&#110;&#115;&#116;&#105;&#x74;&#x75;&#x74;&#x2e;&#x64;e<\/a> resp. <a href=\"&#x6d;&#97;i&#x6c;&#116;o&#x3a;&#x61;&#110;&#x6e;&#x65;&#116;t&#x2e;&#98;r&#x65;&#x73;&#97;&#x6e;&#x40;&#115;e&#x72;&#98;s&#x6b;&#x69;&#45;&#x69;&#x6e;&#115;t&#x69;&#116;u&#x74;&#x2e;&#100;&#x65;\">&#x61;&#x6e;&#x6e;&#x65;&#116;&#116;&#46;br&#x65;&#x73;&#x61;&#x6e;&#64;&#115;erb&#x73;&#x6b;&#x69;&#x2d;&#105;&#110;&#115;ti&#x74;&#x75;&#x74;&#x2e;&#100;&#101;<\/a>) abo <a href=\"https:\/\/www.serbski-institut.de\/bibliothek\/\">wopytaj\u0107e nas w \u010ditarni<\/a>.<\/em><\/li>\n<\/ul>\n<p>Poski\u0107imy wy\u0161e toho antikwariske knihi, originalne serbske nowiny z 1950-1960tych l\u011bt ka\u017e te\u017e kofej a tykanc.<\/p>\n","protected":false},"excerpt":{"rendered":"<p>My pokazamy na\u0161e droho\u0107inki a wy pokaza\u0107e wa\u0161e Serbski kulturny archiw a Serbska centralna biblioteka p\u0159i Serbskim institu\u0107e wobd\u017a\u011blitej so znowa na Dnju archiwow w N\u011bmskej. L\u011btsa prezentuje so archiw jako m\u011bstno komunikacije a dop\u00f3zna\u0107a. Nic jeno\u017e na\u0161e pok\u0142ady maja w srjed\u017ai\u0161\u0107u sta\u0107. P\u0159epro\u0161amy na\u0161ich wopytowarjow, dokumenty ze sw\u00f3jbnych stawiznow sobu p\u0159injes\u0107 a p\u0159edstaji\u0107: historiske [&hellip;]<\/p>\n","protected":false},"author":5,"featured_media":251835,"comment_status":"closed","ping_status":"closed","sticky":false,"template":"","format":"standard","meta":{"_acf_changed":false,"footnotes":""},"categories":[43],"tags":[],"class_list":["post-251834","post","type-post","status-publish","format-standard","has-post-thumbnail","hentry","category-veranstaltung-os"],"acf":[],"_links":{"self":[{"href":"https:\/\/www.serbski-institut.de\/os\/wp-json\/wp\/v2\/posts\/251834","targetHints":{"allow":["GET"]}}],"collection":[{"href":"https:\/\/www.serbski-institut.de\/os\/wp-json\/wp\/v2\/posts"}],"about":[{"href":"https:\/\/www.serbski-institut.de\/os\/wp-json\/wp\/v2\/types\/post"}],"author":[{"embeddable":true,"href":"https:\/\/www.serbski-institut.de\/os\/wp-json\/wp\/v2\/users\/5"}],"replies":[{"embeddable":true,"href":"https:\/\/www.serbski-institut.de\/os\/wp-json\/wp\/v2\/comments?post=251834"}],"version-history":[{"count":3,"href":"https:\/\/www.serbski-institut.de\/os\/wp-json\/wp\/v2\/posts\/251834\/revisions"}],"predecessor-version":[{"id":251902,"href":"https:\/\/www.serbski-institut.de\/os\/wp-json\/wp\/v2\/posts\/251834\/revisions\/251902"}],"wp:featuredmedia":[{"embeddable":true,"href":"https:\/\/www.serbski-institut.de\/os\/wp-json\/wp\/v2\/media\/251835"}],"wp:attachment":[{"href":"https:\/\/www.serbski-institut.de\/os\/wp-json\/wp\/v2\/media?parent=251834"}],"wp:term":[{"taxonomy":"category","embeddable":true,"href":"https:\/\/www.serbski-institut.de\/os\/wp-json\/wp\/v2\/categories?post=251834"},{"taxonomy":"post_tag","embeddable":true,"href":"https:\/\/www.serbski-institut.de\/os\/wp-json\/wp\/v2\/tags?post=251834"}],"curies":[{"name":"wp","href":"https:\/\/api.w.org\/{rel}","templated":true}]}}