{"id":252512,"date":"2026-04-24T09:40:42","date_gmt":"2026-04-24T07:40:42","guid":{"rendered":"https:\/\/www.serbski-institut.de\/njeznaty-juro-metsk\/"},"modified":"2026-04-24T12:15:22","modified_gmt":"2026-04-24T10:15:22","slug":"njeznaty-juro-metsk","status":"publish","type":"post","link":"https:\/\/www.serbski-institut.de\/os\/njeznaty-juro-metsk\/","title":{"rendered":"27. apryla &#8211; Jewi\u0161\u0107owa hud\u017aba live a podijowa rozmo\u0142wa: &#8220;Njeznaty Juro M\u011bt\u0161k&#8221;"},"content":{"rendered":"<p>Na\u00a0<a href=\"https:\/\/www.slub-dresden.de\/besuchen\/veranstaltungen\/details\/veranstaltung\/56977\" target=\"_blank\" rel=\"noopener\">zarjadowanju w \u017eurli Klemperera Drje\u017ed\u017aanskeje krajneje a uniwersitneje biblioteki SLUB<\/a> zaklin\u010di live-hud\u017aba z <em>ensemble unitedberlin.<\/em> Nimo toho rozmo\u0142wja so na podiju kulturna w\u011bdomostnica dr. <a href=\"https:\/\/www.serbski-institut.de\/mitarbeiter\/dr-theresa-jacobs\/\">Theresa Jacobsowa<\/a>\u00a0ze serbskim komponistorm na\u010dasneje hud\u017aby, z Janom Cy\u017eom.<\/p>\n<p>Nowa edicija z jewi\u0161\u0107owej hud\u017abu serbskeho komponista Juro M\u011bt\u0161ka (1954-2022) je w decembrje 2025. Wona wop\u0159ijima CDjce, boha\u0107e ilustrowanu kni\u017eku, film a dal\u0161i material. Jewi\u0161\u0107owa hud\u017aba je wa\u017eny mozaikowy kamu\u0161k w mnohostronskim wum\u011b\u0142skim tworjenju komponista. Edicija prezentuje kompozicije k dramje \u201cDie wendische Schiffahrt\u201d Kita Lorenca a klankohr\u011b \u201c\u010certowy m\u00f3st\u201d Mileny Markoveje. Film dokumentuje jako p\u0159idatny material (p\u0159ez QR-code) nahrawanja hud\u017aby nazymu 2024 w Berlinje.<\/p>\n<p>Pokiw:\u00a0<a href=\"https:\/\/www.serbski-institut.de\/archivbestand\/metsk-juro-1954-2022\/\">Juro M\u011bt\u0161kowe zawostajenstwo w Serbskim kulturnym archiwje <\/a>wobsahuje kopije jeho kompozicijow, programowe ze\u0161iwki a plakaty, wosobinske dokumenty, listowanje a wob\u0161\u011brnu zb\u011brku nowinskich wur\u011bzkow wo tw\u00f3rbje, wo wosobje a wo jeho hud\u017abnym skutkowanju we \u0141u\u017eicy. D\u017aiwajo na prawa na swojej wosobinje njejsu wosobinske dokumenty a listowanja za zjawnos\u0107 p\u0159istupne.<\/p>\n<p><strong>Zhromadne zarjadowanje Drje\u017ed\u017aanskeje krajneje a uniwersitneje biblioteki SLUB a Serbskeho instituta.<\/strong><\/p>\n<ul>\n<li>wjace \u010dita\u0107 wo Juro M\u011bt\u0161ku w Ma\u0142ym rjed\u017ae Serbskeho instituta: <a href=\"https:\/\/www.serbski-institut.de\/publikation\/kleine-reihe-des-sorbischen-instituts-heft-35\/\" target=\"_blank\" rel=\"noopener\">Am Ende wird von mir nur gesammelter Schabernack \u00fcbrig bleiben. Juro M\u011bt\u0161k \u2013 Ein Portr\u00e4t<\/a><\/li>\n<li><a href=\"https:\/\/www.serbski-institut.de\/buehnenmusik-juro-metsk\/\">zd\u017a\u011blenka wo nowej ediciji<\/a> (wot decembra 2025)<\/li>\n<\/ul>\n","protected":false},"excerpt":{"rendered":"<p>Na\u00a0zarjadowanju w \u017eurli Klemperera Drje\u017ed\u017aanskeje krajneje a uniwersitneje biblioteki SLUB zaklin\u010di live-hud\u017aba z ensemble unitedberlin. Nimo toho rozmo\u0142wja so na podiju kulturna w\u011bdomostnica dr. Theresa Jacobsowa\u00a0ze serbskim komponistorm na\u010dasneje hud\u017aby, z Janom Cy\u017eom. Nowa edicija z jewi\u0161\u0107owej hud\u017abu serbskeho komponista Juro M\u011bt\u0161ka (1954-2022) je w decembrje 2025. Wona wop\u0159ijima CDjce, boha\u0107e ilustrowanu kni\u017eku, film a [&hellip;]<\/p>\n","protected":false},"author":35,"featured_media":251507,"comment_status":"closed","ping_status":"closed","sticky":false,"template":"","format":"standard","meta":{"_acf_changed":false,"footnotes":""},"categories":[43],"tags":[],"class_list":["post-252512","post","type-post","status-publish","format-standard","has-post-thumbnail","hentry","category-veranstaltung-os"],"acf":[],"_links":{"self":[{"href":"https:\/\/www.serbski-institut.de\/os\/wp-json\/wp\/v2\/posts\/252512","targetHints":{"allow":["GET"]}}],"collection":[{"href":"https:\/\/www.serbski-institut.de\/os\/wp-json\/wp\/v2\/posts"}],"about":[{"href":"https:\/\/www.serbski-institut.de\/os\/wp-json\/wp\/v2\/types\/post"}],"author":[{"embeddable":true,"href":"https:\/\/www.serbski-institut.de\/os\/wp-json\/wp\/v2\/users\/35"}],"replies":[{"embeddable":true,"href":"https:\/\/www.serbski-institut.de\/os\/wp-json\/wp\/v2\/comments?post=252512"}],"version-history":[{"count":2,"href":"https:\/\/www.serbski-institut.de\/os\/wp-json\/wp\/v2\/posts\/252512\/revisions"}],"predecessor-version":[{"id":252514,"href":"https:\/\/www.serbski-institut.de\/os\/wp-json\/wp\/v2\/posts\/252512\/revisions\/252514"}],"wp:featuredmedia":[{"embeddable":true,"href":"https:\/\/www.serbski-institut.de\/os\/wp-json\/wp\/v2\/media\/251507"}],"wp:attachment":[{"href":"https:\/\/www.serbski-institut.de\/os\/wp-json\/wp\/v2\/media?parent=252512"}],"wp:term":[{"taxonomy":"category","embeddable":true,"href":"https:\/\/www.serbski-institut.de\/os\/wp-json\/wp\/v2\/categories?post=252512"},{"taxonomy":"post_tag","embeddable":true,"href":"https:\/\/www.serbski-institut.de\/os\/wp-json\/wp\/v2\/tags?post=252512"}],"curies":[{"name":"wp","href":"https:\/\/api.w.org\/{rel}","templated":true}]}}