{"id":6160,"date":"2022-02-03T09:50:02","date_gmt":"2022-02-03T08:50:02","guid":{"rendered":"https:\/\/beta.serbski-institut.de\/impresije-letuseho-institutneho-dnja-10-11-2021-w-kulturnej-fabrice-we-wojerecach\/"},"modified":"2022-02-03T09:50:02","modified_gmt":"2022-02-03T08:50:02","slug":"impresije-letuseho-institutneho-dnja-10-11-2021-w-kulturnej-fabrice-we-wojerecach","status":"publish","type":"post","link":"https:\/\/www.serbski-institut.de\/os\/impresije-letuseho-institutneho-dnja-10-11-2021-w-kulturnej-fabrice-we-wojerecach\/","title":{"rendered":"Impresije l\u011btu\u0161eho Institutneho dnja (10.11.2021) w Kulturnej fabrice we Wojerecach"},"content":{"rendered":"<p>Za w\u0161itke wobrazy p\u0142a\u0107i: \u00a9 Serbski institut \/ Gernot Menzel (2021)<\/p>\n<p>Nahrawanje zarjadowanja je p\u0159istupne na youtube kanalu Serbskeho instituta: <a href=\"https:\/\/youtu.be\/8vpVLseQ1lE\" target=\"_blank\" rel=\"noopener\">https:\/\/youtu.be\/8vpVLseQ1lE<\/a> (eksterna stronka).<\/p>\n","protected":false},"excerpt":{"rendered":"<p>Za w\u0161itke wobrazy p\u0142a\u0107i: \u00a9 Serbski institut \/ Gernot Menzel (2021) Nahrawanje zarjadowanja je p\u0159istupne na youtube kanalu Serbskeho instituta: https:\/\/youtu.be\/8vpVLseQ1lE (eksterna stronka).<\/p>\n","protected":false},"author":32,"featured_media":6002,"comment_status":"closed","ping_status":"closed","sticky":false,"template":"","format":"standard","meta":{"_acf_changed":false,"footnotes":""},"categories":[14],"tags":[],"class_list":["post-6160","post","type-post","status-publish","format-standard","has-post-thumbnail","hentry","category-newsmeldung-os"],"acf":[],"_links":{"self":[{"href":"https:\/\/www.serbski-institut.de\/os\/wp-json\/wp\/v2\/posts\/6160","targetHints":{"allow":["GET"]}}],"collection":[{"href":"https:\/\/www.serbski-institut.de\/os\/wp-json\/wp\/v2\/posts"}],"about":[{"href":"https:\/\/www.serbski-institut.de\/os\/wp-json\/wp\/v2\/types\/post"}],"author":[{"embeddable":true,"href":"https:\/\/www.serbski-institut.de\/os\/wp-json\/wp\/v2\/users\/32"}],"replies":[{"embeddable":true,"href":"https:\/\/www.serbski-institut.de\/os\/wp-json\/wp\/v2\/comments?post=6160"}],"version-history":[{"count":0,"href":"https:\/\/www.serbski-institut.de\/os\/wp-json\/wp\/v2\/posts\/6160\/revisions"}],"wp:featuredmedia":[{"embeddable":true,"href":"https:\/\/www.serbski-institut.de\/os\/wp-json\/wp\/v2\/media\/6002"}],"wp:attachment":[{"href":"https:\/\/www.serbski-institut.de\/os\/wp-json\/wp\/v2\/media?parent=6160"}],"wp:term":[{"taxonomy":"category","embeddable":true,"href":"https:\/\/www.serbski-institut.de\/os\/wp-json\/wp\/v2\/categories?post=6160"},{"taxonomy":"post_tag","embeddable":true,"href":"https:\/\/www.serbski-institut.de\/os\/wp-json\/wp\/v2\/tags?post=6160"}],"curies":[{"name":"wp","href":"https:\/\/api.w.org\/{rel}","templated":true}]}}