{"id":6166,"date":"2022-02-03T10:00:02","date_gmt":"2022-02-03T09:00:02","guid":{"rendered":"https:\/\/beta.serbski-institut.de\/wedomostna-ewaluacija-serbskeho-instituta\/"},"modified":"2022-02-03T10:00:02","modified_gmt":"2022-02-03T09:00:02","slug":"wedomostna-ewaluacija-serbskeho-instituta","status":"publish","type":"post","link":"https:\/\/www.serbski-institut.de\/os\/wedomostna-ewaluacija-serbskeho-instituta\/","title":{"rendered":"W\u011bdomostna ewaluacija Serbskeho instituta"},"content":{"rendered":"<p>Wot w\u010deraw\u0161eho je w Serbskim institu\u0107e w Cho\u0107ebuzu a Budy\u0161inje ewaluaciska komisija na wopy\u0107e, \u0161to\u017e traje hi\u0161\u0107e ha\u010d do pjatka. W\u011bdomostnu ewaluacisku komisiju nawjeduje prof. dr. Roland Marti, slawist z uniwersity w Saarbr\u00fcckenje. Nimo w\u011bdomostneje p\u0159irady Serbskeho instituta p\u0159is\u0142u\u0161eja komisiji \u2013 cy\u0142kownje je jich 13 \u010d\u0142onow \u2013 dal\u0161e sl\u011bd\u017aerki a dal\u0161i sl\u011bd\u017aerjo z tu- a wukraja: dr. phil. Markus Giger (Karlowa uniwersita Praha), prof. Vivien Petras PhD (HU Berlin), prof. dr. Bernhard Tschofen (uniwersita w Z\u00fcrichu), prof. dr. Anke Hilbrenner (uniwersita Georga Augusta w G\u00f6ttingenje). Komisija h\u00f3dno\u0107i d\u017a\u011b\u0142o instituta w r\u011b\u010despytnym wotrjed\u017ae, we wotrjed\u017ae za kulturne w\u011bdomos\u0107e a w Serbskej centralnej bibliotece a Serbskim kulturnym archiwje w dobje mjez 2017 a 2020. Srjedu (8.9.) schad\u017aowachu so \u010d\u0142onojo komisije w Cho\u0107ebuzu. \u0160tw\u00f3rtk a pjatk pokro\u010duja wobchod\u017aenje w Budy\u0161inje. Plenum, na kotrym\u017e so nimale 60 sobud\u017a\u011b\u0142a\u0107erkow a sobud\u017a\u011b\u0142a\u0107erjow instituta wobd\u017a\u011bli, wotm\u011b so na \u017eurli Serbskeho domu. Ewaluaciska komisija njehlada jeno\u017e na minjenu dobu, te\u017e za cilemi instituta za p\u0159ichod so pra\u0161a. &#8220;Hd\u017ae bud\u017ae Serbski institut sta\u0107, hdy\u017e so w\u0161itke planowane p\u0159edewza\u0107a p\u0159esad\u017aa, hladajo na nowy wotrjad a nowotwar?&#8221;, pra\u0161a so p\u0159edsyda komisije prof. Marti.<br \/>\nPo wopy\u0107e napisa komisija swoju rozprawu ha\u010d do k\u00f3nca l\u011bta. Zhromadnje ze stejni\u0161\u0107om instituta d\u00f3stanje je kuratorij. Spo\u010datk l\u011bta 2022 ma ewaluacija wotzamknjena by\u0107 a h\u0142owne wusl\u011bdki so zjawnos\u0107i zd\u017a\u011bla.<\/p>\n","protected":false},"excerpt":{"rendered":"<p>Wot w\u010deraw\u0161eho je w Serbskim institu\u0107e w Cho\u0107ebuzu a Budy\u0161inje ewaluaciska komisija na wopy\u0107e, \u0161to\u017e traje hi\u0161\u0107e ha\u010d do pjatka. W\u011bdomostnu ewaluacisku komisiju nawjeduje prof. dr. Roland Marti, slawist z uniwersity w Saarbr\u00fcckenje. Nimo w\u011bdomostneje p\u0159irady Serbskeho instituta p\u0159is\u0142u\u0161eja komisiji \u2013 cy\u0142kownje je jich 13 \u010d\u0142onow \u2013 dal\u0161e sl\u011bd\u017aerki a dal\u0161i sl\u011bd\u017aerjo z tu- a [&hellip;]<\/p>\n","protected":false},"author":32,"featured_media":6220,"comment_status":"closed","ping_status":"closed","sticky":false,"template":"","format":"standard","meta":{"_acf_changed":false,"footnotes":""},"categories":[14],"tags":[],"class_list":["post-6166","post","type-post","status-publish","format-standard","has-post-thumbnail","hentry","category-newsmeldung-os"],"acf":[],"_links":{"self":[{"href":"https:\/\/www.serbski-institut.de\/os\/wp-json\/wp\/v2\/posts\/6166","targetHints":{"allow":["GET"]}}],"collection":[{"href":"https:\/\/www.serbski-institut.de\/os\/wp-json\/wp\/v2\/posts"}],"about":[{"href":"https:\/\/www.serbski-institut.de\/os\/wp-json\/wp\/v2\/types\/post"}],"author":[{"embeddable":true,"href":"https:\/\/www.serbski-institut.de\/os\/wp-json\/wp\/v2\/users\/32"}],"replies":[{"embeddable":true,"href":"https:\/\/www.serbski-institut.de\/os\/wp-json\/wp\/v2\/comments?post=6166"}],"version-history":[{"count":0,"href":"https:\/\/www.serbski-institut.de\/os\/wp-json\/wp\/v2\/posts\/6166\/revisions"}],"wp:featuredmedia":[{"embeddable":true,"href":"https:\/\/www.serbski-institut.de\/os\/wp-json\/wp\/v2\/media\/6220"}],"wp:attachment":[{"href":"https:\/\/www.serbski-institut.de\/os\/wp-json\/wp\/v2\/media?parent=6166"}],"wp:term":[{"taxonomy":"category","embeddable":true,"href":"https:\/\/www.serbski-institut.de\/os\/wp-json\/wp\/v2\/categories?post=6166"},{"taxonomy":"post_tag","embeddable":true,"href":"https:\/\/www.serbski-institut.de\/os\/wp-json\/wp\/v2\/tags?post=6166"}],"curies":[{"name":"wp","href":"https:\/\/api.w.org\/{rel}","templated":true}]}}