{"id":6185,"date":"2022-02-03T12:01:53","date_gmt":"2022-02-03T11:01:53","guid":{"rendered":"https:\/\/beta.serbski-institut.de\/letni-kurs-za-serbsku-rec-a-kulturu\/"},"modified":"2022-05-24T13:38:32","modified_gmt":"2022-05-24T11:38:32","slug":"letni-kurs","status":"publish","type":"post","link":"https:\/\/www.serbski-institut.de\/os\/letni-kurs\/","title":{"rendered":"L\u011btni kurs za serbsku r\u011b\u010d a kulturu"},"content":{"rendered":"<p><span style=\"color:red\">Kurs je po\u0142ny, p\u0159izjewjenja su jeno\u017e hi\u0161\u0107e wuwza\u0107nje m\u00f3\u017ene.<\/span><\/p>\n<h3><strong>Termin:<\/strong> 22.07.2022 \u2013 06.08.2022<\/h3>\n<p><BR><\/p>\n<h3><strong>Cilowa skupina<\/strong><\/h3>\n<ul>\n<li>slawistki a slawis\u0107a<\/li>\n<li>studentki\/studen\u0107a slawistiki z tu- a wukraja<\/li>\n<li>w\u0161itcy, kot\u0159i\u017e chced\u017aa serbsce wukny\u0107<\/li>\n<\/ul>\n<h3><strong>Wobsahi kursa<\/strong><\/h3>\n<ul>\n<li><strong>hornjoserbske<\/strong> r\u011b\u010dne zwu\u010dowanja za zapo\u010datkarjow a pokro\u010denych (ca. 50 wu\u010dbnych jednotkow \u00e0 45 mje\u0144\u0161in; zajimcy za delnjoserb\u0161\u0107inu namakaja na <a href=\"https:\/\/www.sorbische-wendische-sprachschule.de\/\" target=\"_blank\" rel=\"noopener\">homepage \u0160ule za dolnoserbsku r\u011bc a kulturu<\/a> aktualne informacije wo p\u0159ichodnych kursach)<\/li>\n<li>p\u0159edno\u0161ki wo serbskej r\u011b\u010di, literaturje, stawiznach a kulturje<\/li>\n<li>zetkanja ze serbskimi kulturnikami<\/li>\n<li>wopyty kulturnych institucijow a ekskursije ke kulturnohistorisce wa\u017enym m\u011bstnos\u0107am \u0141u\u017eicy<\/li>\n<\/ul>\n<div class=\"templ_tr\">\n<div class=\"templ_td_templ\">\n<h3><strong>P\u0142a\u0107izny, n\u00f3cl\u011bh a zastaranje:<\/strong><\/h3>\n<p><strong>n\u00f3cl\u011bh:<\/strong> Wobd\u017a\u011blnicy kursa zam\u011bstnja so w Serbskim interna\u0107e R\u011b\u010dneho centruma WITAJ na Friedricha Listowej dr\u00f3ze 8a w Budy\u0161inje, h\u0142ownje w dwu\u0142o\u017eowych stwach. Wu\u010dba wotm\u011bje so w rumnos\u0107ach Serbskeho gymnazija w bjezposr\u011bdnym susodstwje.<\/p>\n<p><strong>p\u0142a\u0107izny:<\/strong> Normalny pop\u0142atk za kurs wu\u010dinja 600,00 \u20ac, za studentki\/studentow 450,00 \u20ac. Za wobd\u017a\u011blnikow ze s\u0142owjanskich resp. wuchodoeuropskich krajow p\u0142a\u0107i potu\u0144\u0161eny pop\u0142atk 300,00 \u20ac resp. 200,00 \u20ac (za studentow). Zajimcy, kot\u0159i\u017e p\u0159i\u0144du direktnje z Ukrainy, m\u00f3\u017ea so p\u0159idatnje sp\u011bchowa\u0107.<\/p>\n<p>Pop\u0142atk zaru\u010da wu\u010dbu, n\u00f3cl\u011bh, zastaranje a ekskursije.<\/p>\n<h3><strong>Postajenja dla pandemije:<\/strong><\/h3>\n<p>Tuchwilu planujemy tak, zo m\u00f3\u017ee so k\u00f3\u017edy zajimc na kursu wobd\u017a\u011bli\u0107, njewotwisnje wot toho, kajki ma status \u0161\u0107\u011bpjenja abo wotchorjenja. Po potrjebje staja Serbski institut na m\u011bstnje testy k dispoziciji. Jeli pak so prawniske po\u0142o\u017eenje zm\u011bni resp. jeli so relewantne sakske postajenja zm\u011bnja, dyrbi so tute rjadowanje wotpow\u011bdnje p\u0142a\u0107acym postajenjam p\u0159im\u011bri\u0107.<\/p>\n<h3><strong>Kontakt:<\/strong><\/h3>\n<p>Jeli ma\u0107e pra\u0161enja, wobro\u0107\u0107e so pro\u0161u na dr. <a title=\"Verlinkte E-Mail Dr. Fabian Kaulf\u00fcrst\" href=\"https:\/\/www.serbski-institut.de\/os\/mitarbeiter\/dr-fabian-kaulfuerst\/\">Fabiana Kaulf\u00fcrsta<\/a>.<\/p>\n<\/div>\n<\/div>\n<p>L\u011btni kurs 2022<br \/>\nSerbski institut<br \/>\nDw\u00f3rni\u0161\u0107owa 6<br \/>\n02625 Budy\u0161in<\/p>\n<p><a href=\"https:\/\/www.serbski-institut.de\/institut\/angebote\/sommerkurs\/\">dal\u0161e pow\u0161itkowne informacije<\/a> wo r\u011b\u010dnym kursu Serbskeho instituta a wo jeho stawiznach<\/p>\n","protected":false},"excerpt":{"rendered":"<p>Kurs je po\u0142ny, p\u0159izjewjenja su jeno\u017e hi\u0161\u0107e wuwza\u0107nje m\u00f3\u017ene. Termin: 22.07.2022 \u2013 06.08.2022 Cilowa skupina slawistki a slawis\u0107a studentki\/studen\u0107a slawistiki z tu- a wukraja w\u0161itcy, kot\u0159i\u017e chced\u017aa serbsce wukny\u0107 Wobsahi kursa hornjoserbske r\u011b\u010dne zwu\u010dowanja za zapo\u010datkarjow a pokro\u010denych (ca. 50 wu\u010dbnych jednotkow \u00e0 45 mje\u0144\u0161in; zajimcy za delnjoserb\u0161\u0107inu namakaja na homepage \u0160ule za dolnoserbsku r\u011bc [&hellip;]<\/p>\n","protected":false},"author":32,"featured_media":8387,"comment_status":"closed","ping_status":"closed","sticky":false,"template":"","format":"standard","meta":{"_acf_changed":false,"footnotes":""},"categories":[43],"tags":[],"class_list":["post-6185","post","type-post","status-publish","format-standard","has-post-thumbnail","hentry","category-veranstaltung-os"],"acf":[],"_links":{"self":[{"href":"https:\/\/www.serbski-institut.de\/os\/wp-json\/wp\/v2\/posts\/6185","targetHints":{"allow":["GET"]}}],"collection":[{"href":"https:\/\/www.serbski-institut.de\/os\/wp-json\/wp\/v2\/posts"}],"about":[{"href":"https:\/\/www.serbski-institut.de\/os\/wp-json\/wp\/v2\/types\/post"}],"author":[{"embeddable":true,"href":"https:\/\/www.serbski-institut.de\/os\/wp-json\/wp\/v2\/users\/32"}],"replies":[{"embeddable":true,"href":"https:\/\/www.serbski-institut.de\/os\/wp-json\/wp\/v2\/comments?post=6185"}],"version-history":[{"count":18,"href":"https:\/\/www.serbski-institut.de\/os\/wp-json\/wp\/v2\/posts\/6185\/revisions"}],"predecessor-version":[{"id":8490,"href":"https:\/\/www.serbski-institut.de\/os\/wp-json\/wp\/v2\/posts\/6185\/revisions\/8490"}],"wp:featuredmedia":[{"embeddable":true,"href":"https:\/\/www.serbski-institut.de\/os\/wp-json\/wp\/v2\/media\/8387"}],"wp:attachment":[{"href":"https:\/\/www.serbski-institut.de\/os\/wp-json\/wp\/v2\/media?parent=6185"}],"wp:term":[{"taxonomy":"category","embeddable":true,"href":"https:\/\/www.serbski-institut.de\/os\/wp-json\/wp\/v2\/categories?post=6185"},{"taxonomy":"post_tag","embeddable":true,"href":"https:\/\/www.serbski-institut.de\/os\/wp-json\/wp\/v2\/tags?post=6185"}],"curies":[{"name":"wp","href":"https:\/\/api.w.org\/{rel}","templated":true}]}}