{"id":6193,"date":"2022-02-03T13:31:26","date_gmt":"2022-02-03T12:31:26","guid":{"rendered":"https:\/\/beta.serbski-institut.de\/nakrajne-rumy-a-towarsnosce-w-zmenje-aktualne-sledzerske-prasenja-a-projekty\/"},"modified":"2022-04-11T15:16:58","modified_gmt":"2022-04-11T13:16:58","slug":"nakrajne-rumy-a-towarsnosce-w-zmenje-aktualne-sledzerske-prasenja-a-projekty","status":"publish","type":"post","link":"https:\/\/www.serbski-institut.de\/os\/nakrajne-rumy-a-towarsnosce-w-zmenje-aktualne-sledzerske-prasenja-a-projekty\/","title":{"rendered":"Nakrajne rumy a towar\u0161nos\u0107e w zm\u011bnje. Aktualne sl\u011bd\u017aerske pra\u0161enja a projekty"},"content":{"rendered":"<p>10. dorostowa d\u017a\u011b\u0142arni\u010dka a 25. l\u011btne ze\u0144d\u017aenje d\u017a\u011b\u0142oweho kruha za nakrajne rumy N\u011bmskeje towar\u0161nos\u0107e za geografiju &#8211; zhromadne zarjadowanje ze Serbskim institutom.<\/p>\n<p>p\u0159izjewjenja za zarjadowanje b\u011b\u0161e ha\u010d do 31.3.2022 p\u0159ez mejlku na ak-<a href=\"&#109;&#x61;&#105;&#x6c;&#116;&#x6f;:&#x6a;a&#x68;r&#101;&#x73;&#116;&#x61;&#103;&#x75;&#110;&#x67;&#64;&#x73;e&#x72;b&#115;&#x6b;&#105;&#x2d;&#105;&#x6e;&#115;&#x74;i&#x74;u&#x74;&#46;&#100;&#x65;\">&#x6a;&#97;h&#x72;&#101;s&#x74;&#97;g&#x75;&#110;g&#x40;&#115;e&#x72;&#x62;s&#x6b;&#x69;&#45;&#x69;&#x6e;&#115;&#x74;&#x69;&#116;u&#x74;&#46;d&#x65;<\/a> m\u00f3\u017ene<\/p>\n","protected":false},"excerpt":{"rendered":"<p>10. dorostowa d\u017a\u011b\u0142arni\u010dka a 25. l\u011btne ze\u0144d\u017aenje d\u017a\u011b\u0142oweho kruha za nakrajne rumy N\u011bmskeje towar\u0161nos\u0107e za geografiju &#8211; zhromadne zarjadowanje ze Serbskim institutom. p\u0159izjewjenja za zarjadowanje b\u011b\u0161e ha\u010d do 31.3.2022 p\u0159ez mejlku na ak-&#106;a&#x68;r&#x65;&#115;&#x74;&#97;&#x67;&#117;n&#x67;&#64;&#x73;&#101;&#x72;&#98;&#x73;&#107;&#x69;&#45;i&#x6e;s&#x74;&#105;&#x74;&#117;&#x74;&#46;d&#x65; m\u00f3\u017ene<\/p>\n","protected":false},"author":32,"featured_media":7429,"comment_status":"closed","ping_status":"closed","sticky":false,"template":"","format":"standard","meta":{"_acf_changed":false,"footnotes":""},"categories":[43],"tags":[],"class_list":["post-6193","post","type-post","status-publish","format-standard","has-post-thumbnail","hentry","category-veranstaltung-os"],"acf":[],"_links":{"self":[{"href":"https:\/\/www.serbski-institut.de\/os\/wp-json\/wp\/v2\/posts\/6193","targetHints":{"allow":["GET"]}}],"collection":[{"href":"https:\/\/www.serbski-institut.de\/os\/wp-json\/wp\/v2\/posts"}],"about":[{"href":"https:\/\/www.serbski-institut.de\/os\/wp-json\/wp\/v2\/types\/post"}],"author":[{"embeddable":true,"href":"https:\/\/www.serbski-institut.de\/os\/wp-json\/wp\/v2\/users\/32"}],"replies":[{"embeddable":true,"href":"https:\/\/www.serbski-institut.de\/os\/wp-json\/wp\/v2\/comments?post=6193"}],"version-history":[{"count":1,"href":"https:\/\/www.serbski-institut.de\/os\/wp-json\/wp\/v2\/posts\/6193\/revisions"}],"predecessor-version":[{"id":7979,"href":"https:\/\/www.serbski-institut.de\/os\/wp-json\/wp\/v2\/posts\/6193\/revisions\/7979"}],"wp:featuredmedia":[{"embeddable":true,"href":"https:\/\/www.serbski-institut.de\/os\/wp-json\/wp\/v2\/media\/7429"}],"wp:attachment":[{"href":"https:\/\/www.serbski-institut.de\/os\/wp-json\/wp\/v2\/media?parent=6193"}],"wp:term":[{"taxonomy":"category","embeddable":true,"href":"https:\/\/www.serbski-institut.de\/os\/wp-json\/wp\/v2\/categories?post=6193"},{"taxonomy":"post_tag","embeddable":true,"href":"https:\/\/www.serbski-institut.de\/os\/wp-json\/wp\/v2\/tags?post=6193"}],"curies":[{"name":"wp","href":"https:\/\/api.w.org\/{rel}","templated":true}]}}