{"id":8844,"date":"2022-07-15T11:39:40","date_gmt":"2022-07-15T09:39:40","guid":{"rendered":"https:\/\/www.serbski-institut.de\/knizna-premjera-minderheit-macht-natur-verhandlungen-im-zeitalter-des-nationalstaats-mjensina-moc-priroda-jednanja-w-dobje-narodneho-stata\/"},"modified":"2022-11-01T08:13:57","modified_gmt":"2022-11-01T07:13:57","slug":"knizna-premjera-minderheit-macht-natur-verhandlungen-im-zeitalter-des-nationalstaats-mjensina-moc-priroda-jednanja-w-dobje-narodneho-stata","status":"publish","type":"post","link":"https:\/\/www.serbski-institut.de\/os\/knizna-premjera-minderheit-macht-natur-verhandlungen-im-zeitalter-des-nationalstaats-mjensina-moc-priroda-jednanja-w-dobje-narodneho-stata\/","title":{"rendered":"Kni\u017ena premjera: Minderheit \u2013 Macht \u2013 Natur. Verhandlungen im Zeitalter des Nationalstaats [Mje\u0144\u0161ina \u2013 m\u00f3c \u2013 p\u0159iroda. Jednanja w dobje narodneho stata]"},"content":{"rendered":"<p>Na mnohich m\u011bstnach sw\u011bta je pra\u0161enje za prawami awtochtonych mje\u0144\u0161in nastupajo samozarjadnistwo a sobur\u011b\u010denja relewantne. Jednanja wo tym su rozd\u017a\u011blne. W\u0161ojedne ha\u010d we \u0141u\u017eicy, w italskim dole Aosta abo p\u0159i r\u011bce Rio Negro w Brazilskej \u2013 we wotpow\u011bdnych \u017eadanjach argumentuje so \u010dasto z wosebitym pom\u011brom wobydlerjow k p\u0159irod\u017ae.<\/p>\n<p>W dwana\u0107e esejach ze w\u0161elakich wob\u0142ukow duchownych w\u011bdomos\u0107ow wobsw\u011btluja so strategije mje\u0144\u0161inow we wobchad\u017ae z p\u0159irodu, runje tak ka\u017e strategije wjet\u0161inow we wobchad\u017ae z mje\u0144\u0161inami a p\u0159irodu. Kak so pom\u011br tuteju kategorijow wobked\u017abuje, kak so tut\u00f3n pom\u011br diskutuje? A kotru r\u00f3lu hraje w\u011bdomos\u0107 p\u0159i definowanju mje\u0144\u0161inow a jich wobchada z p\u0159irodu we wotpow\u011bdnym sydlenskim rumje?<\/p>\n<p>Wudawa\u0107elce <a href=\"https:\/\/www.serbski-institut.de\/mitarbeiter\/dr-jana-pinosova\/\">Jana Pi\u0148osov\u00e1<\/a> a Susanne Hozyna p\u0159edstajitej knihu, kotra\u017e wu\u0144d\u017ae jako <a href=\"https:\/\/www.serbski-institut.de\/veroeffentlichung\/schriften-des-sorbischen-instituts\/\">spis Serbskeho instituta<\/a> w LND (SPISY 69).<\/p>\n<p><em>Zhromadne zarjadowanje Serbskeho instituta a Ludoweho nak\u0142adnistwa Domowina.<\/em><\/p>\n<p>Dal\u0161e terminy kni\u017enych p\u0159edstajenjow:<\/p>\n<ul>\n<li>2.11.2022, 19.00 hod\u017a., Dom tysac hatow, Str\u00f3\u017ea, Wjesna dr\u00f3ha 29<\/li>\n<li>9.11.2022, 18.00 hod\u017a., Serbski kulturny centrum Slepo, M\u011browa dr\u00f3ha 65<\/li>\n<\/ul>\n","protected":false},"excerpt":{"rendered":"<p>Na mnohich m\u011bstnach sw\u011bta je pra\u0161enje za prawami awtochtonych mje\u0144\u0161in nastupajo samozarjadnistwo a sobur\u011b\u010denja relewantne. Jednanja wo tym su rozd\u017a\u011blne. W\u0161ojedne ha\u010d we \u0141u\u017eicy, w italskim dole Aosta abo p\u0159i r\u011bce Rio Negro w Brazilskej \u2013 we wotpow\u011bdnych \u017eadanjach argumentuje so \u010dasto z wosebitym pom\u011brom wobydlerjow k p\u0159irod\u017ae. W dwana\u0107e esejach ze w\u0161elakich wob\u0142ukow duchownych [&hellip;]<\/p>\n","protected":false},"author":5,"featured_media":9145,"comment_status":"closed","ping_status":"closed","sticky":false,"template":"","format":"standard","meta":{"_acf_changed":false,"footnotes":""},"categories":[43],"tags":[],"class_list":["post-8844","post","type-post","status-publish","format-standard","has-post-thumbnail","hentry","category-veranstaltung-os"],"acf":[],"_links":{"self":[{"href":"https:\/\/www.serbski-institut.de\/os\/wp-json\/wp\/v2\/posts\/8844","targetHints":{"allow":["GET"]}}],"collection":[{"href":"https:\/\/www.serbski-institut.de\/os\/wp-json\/wp\/v2\/posts"}],"about":[{"href":"https:\/\/www.serbski-institut.de\/os\/wp-json\/wp\/v2\/types\/post"}],"author":[{"embeddable":true,"href":"https:\/\/www.serbski-institut.de\/os\/wp-json\/wp\/v2\/users\/5"}],"replies":[{"embeddable":true,"href":"https:\/\/www.serbski-institut.de\/os\/wp-json\/wp\/v2\/comments?post=8844"}],"version-history":[{"count":1,"href":"https:\/\/www.serbski-institut.de\/os\/wp-json\/wp\/v2\/posts\/8844\/revisions"}],"predecessor-version":[{"id":9090,"href":"https:\/\/www.serbski-institut.de\/os\/wp-json\/wp\/v2\/posts\/8844\/revisions\/9090"}],"wp:featuredmedia":[{"embeddable":true,"href":"https:\/\/www.serbski-institut.de\/os\/wp-json\/wp\/v2\/media\/9145"}],"wp:attachment":[{"href":"https:\/\/www.serbski-institut.de\/os\/wp-json\/wp\/v2\/media?parent=8844"}],"wp:term":[{"taxonomy":"category","embeddable":true,"href":"https:\/\/www.serbski-institut.de\/os\/wp-json\/wp\/v2\/categories?post=8844"},{"taxonomy":"post_tag","embeddable":true,"href":"https:\/\/www.serbski-institut.de\/os\/wp-json\/wp\/v2\/tags?post=8844"}],"curies":[{"name":"wp","href":"https:\/\/api.w.org\/{rel}","templated":true}]}}