{"id":8978,"date":"2022-07-20T13:12:40","date_gmt":"2022-07-20T11:12:40","guid":{"rendered":"https:\/\/www.serbski-institut.de\/wobserne-stawizniske-prepytowanje-hornjeje-luzicy-w-druhej-swetowej-wojnje-w-lnd-wuslo-2\/"},"modified":"2022-07-20T13:24:44","modified_gmt":"2022-07-20T11:24:44","slug":"wobserne-stawizniske-prepytowanje-hornjeje-luzicy-w-druhej-swetowej-wojnje-w-lnd-wuslo-2","status":"publish","type":"post","link":"https:\/\/www.serbski-institut.de\/os\/wobserne-stawizniske-prepytowanje-hornjeje-luzicy-w-druhej-swetowej-wojnje-w-lnd-wuslo-2\/","title":{"rendered":"Wob\u0161\u011brne stawizniske p\u0159epytowanje Hornjeje \u0141u\u017eicy w Druhej sw\u011btowej w\u00f3jnje w LND wu\u0161\u0142o"},"content":{"rendered":"<p><strong>Wotb\u011bh kni\u017eneje premjery:<\/strong><\/p>\n<ul>\n<li>p\u0159edno\u0161k dr. Francesci Weil z Hannah-Arendt-instituta za sl\u011bd\u017aenje wo totalitarizmje<\/li>\n<li>\u010ditanje z dwuzjazkoweje publikacije<\/li>\n<li>hud\u017abne wobrubjenje (Syman Hejdu\u0161ka)<\/li>\n<\/ul>\n<p><strong>Informacija k publikaciji:<\/strong><\/p>\n<p>Zak\u0142adny kompendij a bohate pok\u0142adni\u0161\u0107o za w\u011bdomostnika, wjesneho chronista ka\u017e te\u017e zajimowaneho lajka n\u011btko z <a href=\"https:\/\/www.serbski-institut.de\/publikation\/schriften-des-sorbischen-instituts-68\/\">dwuzwjazkowej knihu &#8220;Die Oberlausitz im Zweiten Weltkrieg&#8221;<\/a> p\u0159edle\u017ei. Publikacija je 68. wuda\u0107e w <a href=\"https:\/\/www.serbski-institut.de\/veroeffentlichung\/schriften-des-sorbischen-instituts\/\">rjed\u017ae Spisow Serbskeho instituta<\/a>. Historikar Michael Richter w\u011bnuje so w njej serbsko-n\u011bmskim wokrjesam w Sakskej a Delnjej \u0160leskej w l\u011btach wot 1936 do 1946 a zabjerje p\u0159i tym zdobom regionalnu ka\u017e te\u017e serbsku perspektiwu k tehdy\u0161im wobstejnos\u0107am a podawkam.<\/p>\n<p>Na \u0161erokej \u017e\u00f3r\u0142owej bazy wopisuje nadrobnje struktury nacionalsocialistiskeho teroroweho aparata w Hornjej \u0141u\u017eicy a pomjenuje tudy\u0161ich zamo\u0142witych a podp\u011brarjow runje tak ka\u017e p\u0159e\u0107iwnikow re\u017eima a wopory.<\/p>\n<p>Wosebitu ked\u017abnos\u0107 k\u0142ad\u017ae na \u010d\u0142owjekow a jich biografije a dopomnjenki. Z wulkej li\u010dbu jednotliwych p\u0159ik\u0142adow z wokrjesow Budy\u0161in, Kamjenc, Lubij, Wojerecy, R\u00f3zbork a zd\u017a\u011bla Zhorjelc wobjednawaja so tehdy\u0161e wuwi\u0107a: wot regionalnych strukturow a rozsud\u017aacych wosobinow w NSDAP p\u0159ez pom\u011br Serbow ke knje\u017eerstwu, wobchad ze \u017didami, cuzymi d\u017a\u011b\u0142a\u0107erjemi a w\u00f3jnskimi jatymi, p\u0159ez w\u00f3jnske hospodarstwo a wuwi\u0107e w\u00f3jny, p\u0159edew\u0161\u011bm w nal\u011b\u0107u 1945, ha\u010d k wobsad\u017aenju Hornjeje \u0141u\u017eicy p\u0159ez \u010cerwjenu armeju, w\u00f3jnskim s\u0107\u011bham a zarjadniskemu a politiskemu nowozapo\u010datkej po n\u011bmskej kapitulaciji.<\/p>\n<p><em>Zwjazkaj stej wot 6.9.2021 na p\u0159eda\u0144 a poski\u0107ujetej so ha\u010d do 30.9.2021 za potu\u0144\u0161enu p\u0142a\u0107iznu 49,90 eurow (po tym 60,00 eurow).<\/em><\/p>\n<p><a href=\"https:\/\/www.domowina-verlag.de\/die-oberlausitz-im-zweiten-weltkrieg.html\" target=\"_blank\" rel=\"noopener\">wotkaz do nak\u0142adnistwa<\/a><\/p>\n<p>Michael Richter, <em>Die Oberlausitz im Zweiten Weltkrieg. Studie zu den wendisch-deutschen Kreisen in Sachsen und Niederschlesien 1936\u20131946<\/em>, Spisy Serbskeho instituta 68, dwaj d\u017a\u011blnej zwjazkaj, 1.350 s., ISBN 978-3-7420-2603-3<\/p>\n<p><em>(Nowinska zd\u017a\u011blenka Ludoweho nak\u0142adnistwa Domowina)<\/em><\/p>\n","protected":false},"excerpt":{"rendered":"<p>Wotb\u011bh kni\u017eneje premjery: p\u0159edno\u0161k dr. Francesci Weil z Hannah-Arendt-instituta za sl\u011bd\u017aenje wo totalitarizmje \u010ditanje z dwuzjazkoweje publikacije hud\u017abne wobrubjenje (Syman Hejdu\u0161ka) Informacija k publikaciji: Zak\u0142adny kompendij a bohate pok\u0142adni\u0161\u0107o za w\u011bdomostnika, wjesneho chronista ka\u017e te\u017e zajimowaneho lajka n\u011btko z dwuzwjazkowej knihu &#8220;Die Oberlausitz im Zweiten Weltkrieg&#8221; p\u0159edle\u017ei. Publikacija je 68. wuda\u0107e w rjed\u017ae Spisow Serbskeho [&hellip;]<\/p>\n","protected":false},"author":5,"featured_media":6224,"comment_status":"closed","ping_status":"closed","sticky":false,"template":"","format":"standard","meta":{"_acf_changed":false,"footnotes":""},"categories":[43],"tags":[],"class_list":["post-8978","post","type-post","status-publish","format-standard","has-post-thumbnail","hentry","category-veranstaltung-os"],"acf":[],"_links":{"self":[{"href":"https:\/\/www.serbski-institut.de\/os\/wp-json\/wp\/v2\/posts\/8978","targetHints":{"allow":["GET"]}}],"collection":[{"href":"https:\/\/www.serbski-institut.de\/os\/wp-json\/wp\/v2\/posts"}],"about":[{"href":"https:\/\/www.serbski-institut.de\/os\/wp-json\/wp\/v2\/types\/post"}],"author":[{"embeddable":true,"href":"https:\/\/www.serbski-institut.de\/os\/wp-json\/wp\/v2\/users\/5"}],"replies":[{"embeddable":true,"href":"https:\/\/www.serbski-institut.de\/os\/wp-json\/wp\/v2\/comments?post=8978"}],"version-history":[{"count":3,"href":"https:\/\/www.serbski-institut.de\/os\/wp-json\/wp\/v2\/posts\/8978\/revisions"}],"predecessor-version":[{"id":8987,"href":"https:\/\/www.serbski-institut.de\/os\/wp-json\/wp\/v2\/posts\/8978\/revisions\/8987"}],"wp:featuredmedia":[{"embeddable":true,"href":"https:\/\/www.serbski-institut.de\/os\/wp-json\/wp\/v2\/media\/6224"}],"wp:attachment":[{"href":"https:\/\/www.serbski-institut.de\/os\/wp-json\/wp\/v2\/media?parent=8978"}],"wp:term":[{"taxonomy":"category","embeddable":true,"href":"https:\/\/www.serbski-institut.de\/os\/wp-json\/wp\/v2\/categories?post=8978"},{"taxonomy":"post_tag","embeddable":true,"href":"https:\/\/www.serbski-institut.de\/os\/wp-json\/wp\/v2\/tags?post=8978"}],"curies":[{"name":"wp","href":"https:\/\/api.w.org\/{rel}","templated":true}]}}