{"id":9934,"date":"2022-10-26T14:41:34","date_gmt":"2022-10-26T12:41:34","guid":{"rendered":"https:\/\/www.serbski-institut.de\/ochranow-a-serbja-nowe-pristupy-k-sorabistice\/"},"modified":"2022-12-06T10:56:19","modified_gmt":"2022-12-06T09:56:19","slug":"ochranow-a-serbja-nowe-pristupy-k-sorabistice","status":"publish","type":"post","link":"https:\/\/www.serbski-institut.de\/os\/ochranow-a-serbja-nowe-pristupy-k-sorabistice\/","title":{"rendered":"Ochranow a Serbja. Nowe p\u0159istupy k sorabistice"},"content":{"rendered":"<p>W l\u011b\u0107e 1931 zw\u011bs\u0107i serbski kulturnow\u011bdnik Ota Wi\u0107az: &#8220;Ochranowska Bratrowska Jednota je by\u0142a stud\u017ae\u0144 najwjet\u0161eho \u017eohnowanja za na\u0161 lud. My Serbja dyrbimy Jedno\u0107e w\u011b\u010dnje d\u017aakowni by\u0107.&#8221;<\/p>\n<p>\u0160to Ota Wi\u0107az ze &#8220;studnju \u017eohnowanja&#8221; m\u011bni a za \u010do m\u011bli Serbja bratrowskej jedno\u0107e d\u017aakowni by\u0107, na to chce historikarka dr. <a href=\"https:\/\/www.serbski-institut.de\/mitarbeiter\/dr-lubina-mahling\/\">Lubina Malinkowa<\/a> w swojim n\u011bmskor\u011b\u010dnym p\u0159edno\u0161ku spyta\u0107 wotmo\u0142wi\u0107. Na zak\u0142ad\u017ae dotal ma\u0142o wu\u017eiwanych \u017e\u00f3r\u0142ow maja so tak te\u017e nowe p\u0159istupy k sorabistice wotkrywa\u0107.<\/p>\n<div class=\"alert alert-warning\">\n<p>Nato\u010deny p\u0159edno\u0161k je wozjewjeny na youtube-kanalu Serbskeho instituta: <a href=\"https:\/\/youtu.be\/DTzcP_nAvxA\" target=\"_blank\" rel=\"noopener\">https:\/\/youtu.be\/DTzcP_nAvxA<\/a>.<\/p>\n<\/div>\n","protected":false},"excerpt":{"rendered":"<p>W l\u011b\u0107e 1931 zw\u011bs\u0107i serbski kulturnow\u011bdnik Ota Wi\u0107az: &#8220;Ochranowska Bratrowska Jednota je by\u0142a stud\u017ae\u0144 najwjet\u0161eho \u017eohnowanja za na\u0161 lud. My Serbja dyrbimy Jedno\u0107e w\u011b\u010dnje d\u017aakowni by\u0107.&#8221; \u0160to Ota Wi\u0107az ze &#8220;studnju \u017eohnowanja&#8221; m\u011bni a za \u010do m\u011bli Serbja bratrowskej jedno\u0107e d\u017aakowni by\u0107, na to chce historikarka dr. Lubina Malinkowa w swojim n\u011bmskor\u011b\u010dnym p\u0159edno\u0161ku spyta\u0107 wotmo\u0142wi\u0107. [&hellip;]<\/p>\n","protected":false},"author":5,"featured_media":9930,"comment_status":"closed","ping_status":"closed","sticky":false,"template":"","format":"standard","meta":{"_acf_changed":false,"footnotes":""},"categories":[43],"tags":[],"class_list":["post-9934","post","type-post","status-publish","format-standard","has-post-thumbnail","hentry","category-veranstaltung-os"],"acf":[],"_links":{"self":[{"href":"https:\/\/www.serbski-institut.de\/os\/wp-json\/wp\/v2\/posts\/9934","targetHints":{"allow":["GET"]}}],"collection":[{"href":"https:\/\/www.serbski-institut.de\/os\/wp-json\/wp\/v2\/posts"}],"about":[{"href":"https:\/\/www.serbski-institut.de\/os\/wp-json\/wp\/v2\/types\/post"}],"author":[{"embeddable":true,"href":"https:\/\/www.serbski-institut.de\/os\/wp-json\/wp\/v2\/users\/5"}],"replies":[{"embeddable":true,"href":"https:\/\/www.serbski-institut.de\/os\/wp-json\/wp\/v2\/comments?post=9934"}],"version-history":[{"count":3,"href":"https:\/\/www.serbski-institut.de\/os\/wp-json\/wp\/v2\/posts\/9934\/revisions"}],"predecessor-version":[{"id":10228,"href":"https:\/\/www.serbski-institut.de\/os\/wp-json\/wp\/v2\/posts\/9934\/revisions\/10228"}],"wp:featuredmedia":[{"embeddable":true,"href":"https:\/\/www.serbski-institut.de\/os\/wp-json\/wp\/v2\/media\/9930"}],"wp:attachment":[{"href":"https:\/\/www.serbski-institut.de\/os\/wp-json\/wp\/v2\/media?parent=9934"}],"wp:term":[{"taxonomy":"category","embeddable":true,"href":"https:\/\/www.serbski-institut.de\/os\/wp-json\/wp\/v2\/categories?post=9934"},{"taxonomy":"post_tag","embeddable":true,"href":"https:\/\/www.serbski-institut.de\/os\/wp-json\/wp\/v2\/tags?post=9934"}],"curies":[{"name":"wp","href":"https:\/\/api.w.org\/{rel}","templated":true}]}}